{"id":194371,"date":"2025-12-19T06:42:36","date_gmt":"2025-12-19T06:42:36","guid":{"rendered":"https:\/\/www.europesays.com\/pt\/194371\/"},"modified":"2025-12-19T06:42:36","modified_gmt":"2025-12-19T06:42:36","slug":"estudo-sueco-liga-consumo-de-queijo-e-natas-gordos-a-menor-risco-de-demencia","status":"publish","type":"post","link":"https:\/\/www.europesays.com\/pt\/194371\/","title":{"rendered":"Estudo sueco liga consumo de queijo e natas gordos a menor risco de dem\u00eancia"},"content":{"rendered":"<p>Consumir queijo gordo e natas pode estar associado a um menor risco de desenvolver dem\u00eancia, segundo um estudo de longo prazo realizado na Su\u00e9cia.<\/p>\n<p>A investiga\u00e7\u00e3o, publicada na revista <a href=\"https:\/\/www.neurology.org\/doi\/10.1212\/WNL.0000000000214343\" target=\"_blank\" rel=\"noreferrer nofollow noopener\"><strong>Neurology<\/strong><\/a>, indica que quem consumia regularmente latic\u00ednios ricos em gordura, como queijos Cheddar, Brie, Gouda e natas com elevado teor de gordura, tinha menor probabilidade de desenvolver dem\u00eancia ao longo de v\u00e1rias d\u00e9cadas de acompanhamento do que quem comia pouco ou nada.<\/p>\n<p>O estudo acompanhou 27.670 adultos na Su\u00e9cia, com idade m\u00e9dia de 58 anos \u00e0 entrada na investiga\u00e7\u00e3o. Os participantes foram seguidos durante cerca de 25 anos, per\u00edodo em que 3.208 pessoas foram diagnosticadas com dem\u00eancia.<\/p>\n<p>No in\u00edcio do estudo, os participantes registaram tudo o que comeram ao longo de uma semana, responderam a question\u00e1rios detalhados sobre a alimenta\u00e7\u00e3o nos anos anteriores e discutiram com os investigadores os m\u00e9todos de prepara\u00e7\u00e3o dos alimentos.<\/p>\n<p>Resultados do estudo<\/p>\n<p>Os investigadores verificaram que quem comia pelo menos 50 gramas de queijo gordo por dia (cerca de duas fatias de Cheddar) tinha menor probabilidade de desenvolver dem\u00eancia do que quem consumia menos de 15 gramas di\u00e1rios.<\/p>\n<p>Os queijos gordos foram definidos como tendo mais de 20 por cento de gordura, enquanto natas com alto teor de gordura tinham, tipicamente, 30 a 40 por cento.<\/p>\n<p>Ap\u00f3s ajustarem para fatores como idade, sexo, n\u00edvel de educa\u00e7\u00e3o e qualidade global da dieta, maior consumo de queijo associou-se a um risco 13 por cento inferior de dem\u00eancia.<\/p>\n<p>&#8220;Quando analis\u00e1mos tipos espec\u00edficos de dem\u00eancia, verific\u00e1mos um risco 29 por cento mais baixo de dem\u00eancia vascular entre as pessoas que consumiam mais queijo gordo&#8221;, explicou Emily Sonestedt, epidemiologista nutricional na <a href=\"https:\/\/www.lunduniversity.lu.se\/article\/full-fat-cheese-linked-lower-risk-dementia\" target=\"_blank\" rel=\"noreferrer nofollow noopener\"><strong>Universidade de Lund<\/strong><\/a>, na Su\u00e9cia, e autora principal do estudo.<\/p>\n<p>&#8220;Observ\u00e1mos tamb\u00e9m menor risco de doen\u00e7a de Alzheimer, mas apenas entre quem n\u00e3o tinha a variante gen\u00e9tica APOE e4, um fator de risco gen\u00e9tico para a doen\u00e7a de Alzheimer.&#8221;<\/p>\n<p>O consumo di\u00e1rio de natas com elevado teor de gordura tamb\u00e9m se associou a menor risco de dem\u00eancia. Quem consumia pelo menos 20 gramas por dia (cerca de uma a duas colheres de sopa) tinha um risco 16 por cento inferior face a quem n\u00e3o consumia.<\/p>\n<p>Nem todos os latic\u00ednios mostraram benef\u00edcios<\/p>\n<p>As associa\u00e7\u00f5es n\u00e3o se verificaram em todos os latic\u00ednios.<\/p>\n<p>&#8220;Apesar de queijo e natas com mais gordura se associarem a menor risco de dem\u00eancia, outros latic\u00ednios e alternativas magras n\u00e3o mostraram o mesmo efeito. Portanto, nem todos os latic\u00ednios s\u00e3o iguais no que toca \u00e0 sa\u00fade cerebral&#8221;, disse Sonestedt.<\/p>\n<p>Limita\u00e7\u00f5es do estudo<\/p>\n<p>Apesar dos resultados, os peritos alertam que o estudo n\u00e3o prova uma liga\u00e7\u00e3o causal entre latic\u00ednios ricos em gordura e menor risco de dem\u00eancia.<\/p>\n<p>Richard Oakley, da Alzheimer\u2019s Society, sublinhou que fatores de estilo de vida como atividade f\u00edsica, dieta equilibrada, deixar de fumar e <a href=\"https:\/\/pt.euronews.com\/saude\/2025\/09\/26\/estudo-alerta-que-qualquer-quantidade-de-alcool-aumenta-risco-de-demencia\" rel=\"nofollow noopener\" target=\"_blank\"><strong>moderar o consumo de \u00e1lcool<\/strong><\/a> t\u00eam um papel muito mais importante.<\/p>\n<p>&#8220;A investiga\u00e7\u00e3o n\u00e3o demonstra que comer mais latic\u00ednios ricos em gordura, como queijo ou natas, possa reduzir o risco de desenvolver dem\u00eancia&#8221;, afirmou.<\/p>\n<p>&#8220;Evid\u00eancias mostram que deixar de fumar, manter atividade f\u00edsica, seguir uma alimenta\u00e7\u00e3o saud\u00e1vel e equilibrada, controlar doen\u00e7as cr\u00f3nicas e beber menos \u00e1lcool t\u00eam um papel muito mais relevante na redu\u00e7\u00e3o do risco de dem\u00eancia do que focar um \u00fanico alimento&#8221;.<\/p>\n<p>Tara Spires-Jones, diretora do Centre for Discovery Brain Sciences, em Edimburgo, apontou outra limita\u00e7\u00e3o: a dieta dos participantes foi medida uma \u00fanica vez, 25 anos antes de serem analisados os diagn\u00f3sticos de dem\u00eancia.<\/p>\n<p>&#8220;\u00c9 muito prov\u00e1vel que a alimenta\u00e7\u00e3o e outros fatores de estilo de vida tenham mudado nesses 25 anos&#8221;, disse, acrescentando que o estilo de vida global continua a ser o fator chave para a sa\u00fade cerebral.<\/p>\n<p>&#8220;H\u00e1 evid\u00eancia robusta em toda a \u00e1rea a indicar que uma alimenta\u00e7\u00e3o saud\u00e1vel, exerc\u00edcio regular e atividades cognitivamente estimulantes podem refor\u00e7ar a resili\u00eancia do c\u00e9rebro&#8221;, acrescentou.<\/p>\n<p>&#8220;N\u00e3o h\u00e1 evid\u00eancia s\u00f3lida de que algum alimento isolado proteja contra a dem\u00eancia&#8221;.<\/p>\n","protected":false},"excerpt":{"rendered":"Consumir queijo gordo e natas pode estar associado a um menor risco de desenvolver dem\u00eancia, segundo um estudo&hellip;\n","protected":false},"author":2,"featured_media":194372,"comment_status":"","ping_status":"","sticky":false,"template":"","format":"standard","meta":{"footnotes":""},"categories":[86],"tags":[4288,116,118,32,33,28083,117],"class_list":{"0":"post-194371","1":"post","2":"type-post","3":"status-publish","4":"format-standard","5":"has-post-thumbnail","7":"category-saude","8":"tag-cerebro","9":"tag-health","10":"tag-mal-de-alzheimer","11":"tag-portugal","12":"tag-pt","13":"tag-queijo","14":"tag-saude"},"share_on_mastodon":{"url":"https:\/\/pubeurope.com\/@pt\/115744875707672564","error":""},"_links":{"self":[{"href":"https:\/\/www.europesays.com\/pt\/wp-json\/wp\/v2\/posts\/194371","targetHints":{"allow":["GET"]}}],"collection":[{"href":"https:\/\/www.europesays.com\/pt\/wp-json\/wp\/v2\/posts"}],"about":[{"href":"https:\/\/www.europesays.com\/pt\/wp-json\/wp\/v2\/types\/post"}],"author":[{"embeddable":true,"href":"https:\/\/www.europesays.com\/pt\/wp-json\/wp\/v2\/users\/2"}],"replies":[{"embeddable":true,"href":"https:\/\/www.europesays.com\/pt\/wp-json\/wp\/v2\/comments?post=194371"}],"version-history":[{"count":0,"href":"https:\/\/www.europesays.com\/pt\/wp-json\/wp\/v2\/posts\/194371\/revisions"}],"wp:featuredmedia":[{"embeddable":true,"href":"https:\/\/www.europesays.com\/pt\/wp-json\/wp\/v2\/media\/194372"}],"wp:attachment":[{"href":"https:\/\/www.europesays.com\/pt\/wp-json\/wp\/v2\/media?parent=194371"}],"wp:term":[{"taxonomy":"category","embeddable":true,"href":"https:\/\/www.europesays.com\/pt\/wp-json\/wp\/v2\/categories?post=194371"},{"taxonomy":"post_tag","embeddable":true,"href":"https:\/\/www.europesays.com\/pt\/wp-json\/wp\/v2\/tags?post=194371"}],"curies":[{"name":"wp","href":"https:\/\/api.w.org\/{rel}","templated":true}]}}