{"id":194375,"date":"2025-12-19T06:51:11","date_gmt":"2025-12-19T06:51:11","guid":{"rendered":"https:\/\/www.europesays.com\/pt\/194375\/"},"modified":"2025-12-19T06:51:11","modified_gmt":"2025-12-19T06:51:11","slug":"lembra-se-de-tieta-aos-84-anos-forma-fisica-de-betty-faria-faz-corar-muitas-mulheres-jovens-dois-as-10","status":"publish","type":"post","link":"https:\/\/www.europesays.com\/pt\/194375\/","title":{"rendered":"Lembra-se de Tieta? Aos 84 anos, forma f\u00edsica de Betty Faria faz corar muitas mulheres jovens &#8211; Dois \u00e0s 10"},"content":{"rendered":"<p>                        Aos 84 anos, Betty Faria voltou a surpreender ao mostrar uma vitalidade e uma forma f\u00edsica de fazer inveja, provando que a idade n\u00e3o \u00e9 um limite quando a energia e a boa disposi\u00e7\u00e3o falam mais alto.<\/p>\n<p>Foi imposs\u00edvel ficar indiferente. <strong>Betty Faria<\/strong>, a eterna protagonista de Tieta, voltou a surpreender os f\u00e3s ao mostrar que a idade \u00e9 apenas um n\u00famero. Aos 84 anos, a atriz brasileira exibiu uma energia contagiante e uma forma f\u00edsica invej\u00e1vel, merecendo uma onda de elogios nas redes sociais.<\/p>\n<p>O momento aconteceu antes do jogo entre o Flamengo e o PSG, na decis\u00e3o da Ta\u00e7a Intercontinental. Ainda antes do apito inicial, Betty Faria j\u00e1 estava em clima de festa e protagonizou uma animada dan\u00e7a em casa, ao som de um hino que recorda o hist\u00f3rico t\u00edtulo do clube carioca no Mundial de 1981, frente ao Liverpool. O v\u00eddeo rapidamente se espalhou pelas redes, com muitos internautas a destacarem a genica e vitalidade da atriz.<\/p>\n<p>Na legenda, Betty Faria n\u00e3o perdeu o humor:<strong> \u201cSou carioca de Copacabana e estou fazendo fisioterapia\u201d,<\/strong> escreveu, arrancando sorrisos aos seguidores, que elogiaram a boa disposi\u00e7\u00e3o e a excelente condi\u00e7\u00e3o f\u00edsica da veterana artista.<\/p>\n<p>Quase quatro d\u00e9cadas depois da estreia de Tieta, novela de Aguinaldo Silva que marcou gera\u00e7\u00f5es, a atriz continua a dar provas de que mant\u00e9m o mesmo carisma e presen\u00e7a que a tornaram inesquec\u00edvel.\u00a0<\/p>\n<p>Aos 84 anos, Betty Faria segue ativa, confiante e cheia de vida \u2014 e prova que o tempo pode passar, mas o brilho permanece.<\/p>\n","protected":false},"excerpt":{"rendered":"Aos 84 anos, Betty Faria voltou a surpreender ao mostrar uma vitalidade e uma forma f\u00edsica de fazer&hellip;\n","protected":false},"author":2,"featured_media":194376,"comment_status":"","ping_status":"","sticky":false,"template":"","format":"standard","meta":{"footnotes":""},"categories":[145],"tags":[31779,211,210,329,166,3412,3406,3409,801,3410,3411,3407,3408,114,115,3413,338,32,33,12411,38926],"class_list":{"0":"post-194375","1":"post","2":"type-post","3":"status-publish","4":"format-standard","5":"has-post-thumbnail","7":"category-celebridades","8":"tag-betty-faria","9":"tag-celebridades","10":"tag-celebrities","11":"tag-claudio-ramos","12":"tag-cristina-ferreira","13":"tag-dois-10","14":"tag-dois-a-s-10-dois-a-s-10","15":"tag-dois-a-s-dez","16":"tag-dois-as-10","17":"tag-dois-as-dez","18":"tag-dois-dez","19":"tag-doisas10","20":"tag-doisasdez","21":"tag-entertainment","22":"tag-entretenimento","23":"tag-manha-tvi","24":"tag-maria-botelho-moniz","25":"tag-portugal","26":"tag-pt","27":"tag-tieta","28":"tag-tieta-do-agreste"},"share_on_mastodon":{"url":"https:\/\/pubeurope.com\/@pt\/115744911083972289","error":""},"_links":{"self":[{"href":"https:\/\/www.europesays.com\/pt\/wp-json\/wp\/v2\/posts\/194375","targetHints":{"allow":["GET"]}}],"collection":[{"href":"https:\/\/www.europesays.com\/pt\/wp-json\/wp\/v2\/posts"}],"about":[{"href":"https:\/\/www.europesays.com\/pt\/wp-json\/wp\/v2\/types\/post"}],"author":[{"embeddable":true,"href":"https:\/\/www.europesays.com\/pt\/wp-json\/wp\/v2\/users\/2"}],"replies":[{"embeddable":true,"href":"https:\/\/www.europesays.com\/pt\/wp-json\/wp\/v2\/comments?post=194375"}],"version-history":[{"count":0,"href":"https:\/\/www.europesays.com\/pt\/wp-json\/wp\/v2\/posts\/194375\/revisions"}],"wp:featuredmedia":[{"embeddable":true,"href":"https:\/\/www.europesays.com\/pt\/wp-json\/wp\/v2\/media\/194376"}],"wp:attachment":[{"href":"https:\/\/www.europesays.com\/pt\/wp-json\/wp\/v2\/media?parent=194375"}],"wp:term":[{"taxonomy":"category","embeddable":true,"href":"https:\/\/www.europesays.com\/pt\/wp-json\/wp\/v2\/categories?post=194375"},{"taxonomy":"post_tag","embeddable":true,"href":"https:\/\/www.europesays.com\/pt\/wp-json\/wp\/v2\/tags?post=194375"}],"curies":[{"name":"wp","href":"https:\/\/api.w.org\/{rel}","templated":true}]}}