{"id":194381,"date":"2025-12-19T06:59:46","date_gmt":"2025-12-19T06:59:46","guid":{"rendered":"https:\/\/www.europesays.com\/pt\/194381\/"},"modified":"2025-12-19T06:59:46","modified_gmt":"2025-12-19T06:59:46","slug":"as-arvores-dos-famosos-observador","status":"publish","type":"post","link":"https:\/\/www.europesays.com\/pt\/194381\/","title":{"rendered":"as \u00e1rvores dos famosos \u2013 Observador"},"content":{"rendered":"<p>O esp\u00edrito natal\u00edcio j\u00e1 se instalou nas casas das celebridades, <strong>que v\u00e3o partilhando as suas decora\u00e7\u00f5es festivas nas redes sociais.<\/strong><\/p>\n<p>Entre \u00e1rvores minimalistas e \u201cmagras\u201d, quase sem enfeites, e pinheiros gigantescos, carregados de cor, <strong>h\u00e1 escolhas para todos os gostos<\/strong>. Muitos famosos optaram tamb\u00e9m por uma abordagem cl\u00e1ssica, utilizando luzes suaves e quentes, com ornamentos tradicionais e nost\u00e1lgicos. Os la\u00e7os surgem como um dos elementos mais populares e s\u00e3o utilizados em diferentes tamanhos e cores, do vermelho cl\u00e1ssico ao branco.<\/p>\n<p>Todos os anos, <strong>Martha Stewart \u00e9 um dos nomes <\/strong>que partilha os detalhes das decora\u00e7\u00f5es de Natal da sua casa. Em 2025, a apresentadora de televis\u00e3o norte-americana espalhou pinheiros, de diferentes tamanhos, por v\u00e1rias divis\u00f5es. <strong>A maior parte parece ter saltado refei\u00e7\u00f5es<\/strong>: s\u00e3o magros, assim\u00e9tricos e os seus ramos est\u00e3o um pouco despenteados. Este tipo de \u00e1rvore \u00e9 uma tend\u00eancia no momento e, pela sua constitui\u00e7\u00e3o esguia, <strong>foi associada com o \u201cOzempic\u201d<\/strong>, o famoso medicamento para emagrecer. Os enfeites do pinheiro principal s\u00e3o maioritariamente cl\u00e1ssicos, mas incluem ursos de peluche.<\/p>\n<p>Tamb\u00e9m marcada pela <strong>assimetria e por uma ligeira dieta <\/strong>\u00e9 a \u00e1rvore de Richard E. Grant. A casa do ator brit\u00e2nico parece o sonho de qualquer maximalista, e a sua <strong><a href=\"https:\/\/www.instagram.com\/richard.e.grant\/\" rel=\"nofollow noopener\" target=\"_blank\">\u00e1rvore de Natal<\/a><\/strong> n\u00e3o \u00e9 exce\u00e7\u00e3o. Est\u00e1 escondida atr\u00e1s do sof\u00e1 e os seus ramos parecem ter vida e pensamento pr\u00f3prio. Os enfeites s\u00e3o kitsch, muito coloridos, e incluem bolas com a bandeira do Reino Unido, bonecas e decora\u00e7\u00f5es com formato de frutas. <strong>Os toques pessoais, como as fotografias de fam\u00edlia, tornam este pinheiro \u00fanico.<\/strong><\/p>\n<p>A Posh Spice, Victoria Beckham, <strong>foi das primeiras celebridades a partilhar a sua <a href=\"https:\/\/www.instagram.com\/p\/DRZ8nCgCM-h\/?img_index=1\" rel=\"nofollow noopener\" target=\"_blank\">\u00e1rvore de Natal<\/a> este ano<\/strong>, optando por um estilo minimalista e elegante. O pinheiro \u00e9<strong> simples, iluminado por luzes quentes e aconchegantes <\/strong>e decorado com<strong> ornamentos cl\u00e1ssicos<\/strong>. A folhagem, ao contr\u00e1rio da \u00e1rvore de Martha Stewart, \u00e9 abundante, sendo finalizada com alguns toques modernos que s\u00e3o tend\u00eancia no momento, como os pequenos la\u00e7os de fita.<\/p>\n<p>Lindsay Lohan revelou a sua<strong><a href=\"https:\/\/www.instagram.com\/p\/DSAu2zQgTXm\/?img_index=1\" rel=\"nofollow noopener\" target=\"_blank\"> \u00e1rvore<\/a> <\/strong>nas redes sociais e, \u00e0 semelhan\u00e7a de Victoria Beckham,<strong> aderiu \u00e0 tend\u00eancia dos la\u00e7os<\/strong>. A escolha traz de volta uma est\u00e9tica quase vintage, inspirada nos Natais dos anos 50 e 60, onde os <strong>la\u00e7os vermelhos<\/strong> assumem o papel principal e fazendo com que o pr\u00f3prio pinheiro se assemelhe com um presente, para al\u00e9m das decora\u00e7\u00f5es cl\u00e1ssicas.<\/p>\n<p>O pinheiro que Georgina Rodr\u00edguez publicou no Instagram tamb\u00e9m segue a tend\u00eancia. A \u00e1rvore da noiva de Cristiano Ronaldo est\u00e1 cheia de enfeites dourados e prateados e \u00e9 coberta por luzes brancas, que real\u00e7am os detalhes. No topo, <strong>destaca-se um grande la\u00e7o com acabamentos brilhantes<\/strong>.<\/p>\n<p>N\u00e3o podiam faltar as <strong>tradicionais partilhas de Natal da fam\u00edlia Kardashian<\/strong>. Kim optou por um corredor interior cheio de \u00e1rvores cobertas de \u201cneve\u201d, todas iluminadas com luzes brancas. Khlo\u00e9, por sua vez, escolheu um registo mais cl\u00e1ssico, com apenas um grande pinheiro luxuoso colocado no que aparenta ser a sala da sua casa, decorado com luzes amareladas, folhas de eucalipto e flores vermelhas. J\u00e1 Kylie Jenner seguiu uma est\u00e9tica minimalista, apostando numa \u00e1rvore sem enfeites, onde apenas as luzes assumem o protagonismo.<\/p>\n<p>A fam\u00edlia Hilton partilhou <strong><a href=\"https:\/\/www.instagram.com\/p\/DSTUfHmDqtZ\/?img_index=3\" rel=\"nofollow noopener\" target=\"_blank\">imagens da sua festa anual desta \u00e9poca festiva<\/a><\/strong>. Pela casa, encontram-se v\u00e1rias \u00e1rvores de Natal, todas diferentes entre si, mas unidas por um estilo cl\u00e1ssico. A que mais se destaca \u00e9 uma<strong> \u00e1rvore branca<\/strong>, que serviu de cen\u00e1rio para <strong>fotografias de Paris e Nicky Hilton com v\u00e1rias celebridades<\/strong>, entre elas Donatella Versace. Brilhante e sofisticada, a \u00e1rvore \u00e9 rematada por um la\u00e7o verde-\u00e1gua no topo.<\/p>\n<p>Selena Gomez e Benny Blanco <strong>continuam a partilhar momentos da sua vida de rec\u00e9m-casados<\/strong>. No Instagram, a cantora publicou <strong><a href=\"https:\/\/www.instagram.com\/p\/DR3iuHUEZ11\/?img_index=1\" rel=\"nofollow noopener\" target=\"_blank\">uma s\u00e9rie de v\u00eddeos do casal a decorar a \u00e1rvore de Natal<\/a><\/strong>. A paleta de cores escolhida para os enfeites \u00e9 em tons de azul escuro, e inclui um ornamento em forma de menorah, em refer\u00eancia \u00e0 religi\u00e3o judaica do produtor musical.<\/p>\n<p>H\u00e1 tamb\u00e9m quem tenha <strong>decorado \u00e1rvores fora de casa<\/strong>. \u00c9 o caso do designer Marc Jacobs, que decidiu iluminar<strong> <a href=\"https:\/\/www.instagram.com\/p\/DR0jJzHDDB9\/\" rel=\"nofollow noopener\" target=\"_blank\">a magn\u00f3lia de folha caduca do seu p\u00e1tio<\/a><\/strong>.<\/p>\n<p>O \u00edcone das can\u00e7\u00f5es de Natal, Michael Bubl\u00e9, <strong>publicou no Instagram fotografias em frente \u00e0 sua <a href=\"https:\/\/www.instagram.com\/p\/DRsacL_EicF\/?img_index=1\" rel=\"nofollow noopener\" target=\"_blank\">\u00e1rvore gigante<\/a><\/strong>, onde aparece ao lado da sua fam\u00edlia, todos vestidos com pijamas a condizer, <strong>num registo intimista<\/strong>. Est\u00e1 colocada na sala, ao p\u00e9 da televis\u00e3o, tem enfeites brancos e vermelhos, apontamentos em renda e a t\u00edpica estrela no topo.<\/p>\n<p><strong>Veja as \u00e1rvores de Natal na fotogaleria acima.<\/strong><\/p>\n<p>            <script async src=\"\/\/www.instagram.com\/embed.js\"><\/script><\/p>\n","protected":false},"excerpt":{"rendered":"O esp\u00edrito natal\u00edcio j\u00e1 se instalou nas casas das celebridades, que v\u00e3o partilhando as suas decora\u00e7\u00f5es festivas nas&hellip;\n","protected":false},"author":2,"featured_media":194382,"comment_status":"","ping_status":"","sticky":false,"template":"","format":"standard","meta":{"footnotes":""},"categories":[85],"tags":[211,114,115,186,7561,32,33,58],"class_list":{"0":"post-194381","1":"post","2":"type-post","3":"status-publish","4":"format-standard","5":"has-post-thumbnail","7":"category-entretenimento","8":"tag-celebridades","9":"tag-entertainment","10":"tag-entretenimento","11":"tag-lifestyle","12":"tag-natal","13":"tag-portugal","14":"tag-pt","15":"tag-sociedade"},"share_on_mastodon":{"url":"https:\/\/pubeurope.com\/@pt\/115744942537402218","error":""},"_links":{"self":[{"href":"https:\/\/www.europesays.com\/pt\/wp-json\/wp\/v2\/posts\/194381","targetHints":{"allow":["GET"]}}],"collection":[{"href":"https:\/\/www.europesays.com\/pt\/wp-json\/wp\/v2\/posts"}],"about":[{"href":"https:\/\/www.europesays.com\/pt\/wp-json\/wp\/v2\/types\/post"}],"author":[{"embeddable":true,"href":"https:\/\/www.europesays.com\/pt\/wp-json\/wp\/v2\/users\/2"}],"replies":[{"embeddable":true,"href":"https:\/\/www.europesays.com\/pt\/wp-json\/wp\/v2\/comments?post=194381"}],"version-history":[{"count":0,"href":"https:\/\/www.europesays.com\/pt\/wp-json\/wp\/v2\/posts\/194381\/revisions"}],"wp:featuredmedia":[{"embeddable":true,"href":"https:\/\/www.europesays.com\/pt\/wp-json\/wp\/v2\/media\/194382"}],"wp:attachment":[{"href":"https:\/\/www.europesays.com\/pt\/wp-json\/wp\/v2\/media?parent=194381"}],"wp:term":[{"taxonomy":"category","embeddable":true,"href":"https:\/\/www.europesays.com\/pt\/wp-json\/wp\/v2\/categories?post=194381"},{"taxonomy":"post_tag","embeddable":true,"href":"https:\/\/www.europesays.com\/pt\/wp-json\/wp\/v2\/tags?post=194381"}],"curies":[{"name":"wp","href":"https:\/\/api.w.org\/{rel}","templated":true}]}}