{"id":194392,"date":"2025-12-19T07:20:10","date_gmt":"2025-12-19T07:20:10","guid":{"rendered":"https:\/\/www.europesays.com\/pt\/194392\/"},"modified":"2025-12-19T07:20:10","modified_gmt":"2025-12-19T07:20:10","slug":"cumplice-do-entretenimento-relembre-a-passagem-de-duda-wendling-em-a-fazenda-17-r7","status":"publish","type":"post","link":"https:\/\/www.europesays.com\/pt\/194392\/","title":{"rendered":"C\u00famplice do entretenimento! Relembre a passagem de Duda Wendling em A Fazenda 17 &#8211; R7"},"content":{"rendered":"<ol>\n<li><a href=\"https:\/\/news.google.com\/rss\/articles\/CBMi5AFBVV95cUxPVEtKMExKRHFZQUFUbnhQV3lULUNJS2NpQ3luOTAzU29BRGZVQXBxQ01UdE1MWE5GYmo1UkhjNFRnYlhZM0RtV2J5WnE1VFBkOFdndkdwTEktSnBKWUhvQ3BRMVBCdmZpNGxOa2pRR0RRLXVHenN3S09VV0ZxOUtzX0FLd19YSng2X0p5M1Nkdnhob09fRW9LRmF3TXlMV200RExITEZYOEZpb05lX1dSLXQxdHM1UDdDdzF0OXVZSmtGeURXUlNZZDJ2SHNTcHlGb2RFOGItOEp5UkhJaVlvVkJNb2w?oc=5\" target=\"_blank\" rel=\"nofollow noopener\">C\u00famplice do entretenimento! Relembre a passagem de Duda Wendling em A Fazenda 17<\/a>&nbsp;&nbsp;R7<\/li>\n<li><a href=\"https:\/\/news.google.com\/rss\/articles\/CBMiywFBVV95cUxPald3UmtURGhnVjB0ejl1UjFZNE9xdGdabmtEamdySkZ4WmFKRHNEdTFIa2VoMklmdEI2dmVlbWMzQ283R1dGaF9heFFCempWLXF1NmtucEVReklhQWgxOEhpcXlxcGQ0Q3RwV3o1cXNlRnFYNXh1cHYwaXVaMmRtejFfSmt6T2VPWFp5Nlhsb194c1pVTEY2bnZhNm5FWFVSeDJSQ0dCQVZuUXNZLS1aSkFGeWlSalYtSThtSzVHZ19UZndHZEFIN2R0dw?oc=5\" target=\"_blank\" rel=\"nofollow noopener\">Dudu Camargo \u00e9 o grande campe\u00e3o de A Fazenda 17, com 75,88% dos votos<\/a>&nbsp;&nbsp;R7<\/li>\n<li><a href=\"https:\/\/news.google.com\/rss\/articles\/CBMisAFBVV95cUxOX1NIRXVwQzk1Y1BDclNyZnJSWVY0ckpCTVFfaGNhX3Nzc09zdzFqWTE2RUZ2N0pkSzdUQXpoa2Joem9GaVFxSUk4QUtLaXNIS3FFSUwzWElyU21RYlZlRm5qU3A3Yk5ycTZ5UVA5ZC1jaVhrb1VVM1g2VWZTWklEM2UyOWpybE4yTXp2bm10d3FxczhRbHpWYmJETk5Xa005VF9Ud2ZzWUY1cXNhaEIwaw?oc=5\" target=\"_blank\" rel=\"nofollow noopener\">&#8220;A Fazenda&#8221;: ap\u00f3s fim da vota\u00e7\u00e3o, veja resultado de parcial da enquete<\/a>&nbsp;&nbsp;CNN Brasil<\/li>\n<li><a href=\"https:\/\/news.google.com\/rss\/articles\/CBMihAFBVV95cUxNa0VWZGpMVm10NWRuQ2JPUU5ZRjlfdFRGeDdJZldoU2R1aFMzQ0NHYS03WkQyRXU1a2hQcGNxMGtLNF92ajUwd0N0VDhzQU9Vb1FPMl9Tbl9LMUFTR3dxbXI1X1RobDBRekZfNlNIQTMtZl9MMTF6MEZmX1UwSjNCSjQ2eTA?oc=5\" target=\"_blank\" rel=\"nofollow noopener\">Duda Wendling \u00e9 a vice-campe\u00e3 de A Fazenda 17 com 14,57% dos votos<\/a>&nbsp;&nbsp;UOL<\/li>\n<li><a href=\"https:\/\/news.google.com\/rss\/articles\/CBMi4AFBVV95cUxPVXdkNkRKdGJPNEJ0dWRieEVVNDk0dkQ3Uy0wNmNSelpQbFA0LUs5MmZscUxtTHJfR0VmUU55TjhOekt6S1JYRUdzZ3RBekUxUU93ZWpyNU9fXzlCQVZ6QmxGU21RT0djNWRLMXJzY3RmV0JPMmppRlpGNkhoOUVuTXNVY2hGWUJGQTRkcGZpMGVRNXFaQ2I1QUc4Y1ZNS1dZT05PdmVDMTFsaFdZZXFXRzZwcEQ5OFRrMVdsc0NicFVWa1JZbE9Rb0ZrTW9JNEVCMG5qdDJ0ZzZMSzJCRVZvQdIB7wFBVV95cUxNanlpbGxVSFoycE5TcG5nelFXSU5vV3lmWEZqNTlrSHllMy15QTBDMTctVUQwMGc1aXBhUGllaWJ1ZjdvSE9QZHhZb2p1NlgtaWpldDE3LU5keUt4OW5ybUdNQURmQXE0UzE5OEpvTGJqdmtBc0RJdTBTeHMwZjVTRWVud1hDSXhLWUxTTFkyeUJ0T0JLY1dod2pNTmxrelBEakxHOEZsTTMzWm9nd3B5Umpwa2lVMkI0STVZa0x5ZjBnUXJHYm4zWmVTcWU0VGtneU5yMWFfTG9pMFZmbXgza3VVUlNwa05rTWNsdUlwMA?oc=5\" target=\"_blank\" rel=\"nofollow noopener\">Quem vai ganhar &#8216;A fazenda 17&#8217;? Enquete aponta apresentador para vencer o reality show<\/a>&nbsp;&nbsp;Extra online<\/li>\n<\/ol>\n","protected":false},"excerpt":{"rendered":"C\u00famplice do entretenimento! Relembre a passagem de Duda Wendling em A Fazenda 17&nbsp;&nbsp;R7 Dudu Camargo \u00e9 o grande&hellip;\n","protected":false},"author":2,"featured_media":194393,"comment_status":"","ping_status":"","sticky":false,"template":"","format":"standard","meta":{"footnotes":""},"categories":[145],"tags":[657,211,210,22553,114,115,32,33],"class_list":{"0":"post-194392","1":"post","2":"type-post","3":"status-publish","4":"format-standard","5":"has-post-thumbnail","7":"category-celebridades","8":"tag-a-fazenda","9":"tag-celebridades","10":"tag-celebrities","11":"tag-duda-wendling","12":"tag-entertainment","13":"tag-entretenimento","14":"tag-portugal","15":"tag-pt"},"share_on_mastodon":{"url":"https:\/\/pubeurope.com\/@pt\/115745025166748059","error":""},"_links":{"self":[{"href":"https:\/\/www.europesays.com\/pt\/wp-json\/wp\/v2\/posts\/194392","targetHints":{"allow":["GET"]}}],"collection":[{"href":"https:\/\/www.europesays.com\/pt\/wp-json\/wp\/v2\/posts"}],"about":[{"href":"https:\/\/www.europesays.com\/pt\/wp-json\/wp\/v2\/types\/post"}],"author":[{"embeddable":true,"href":"https:\/\/www.europesays.com\/pt\/wp-json\/wp\/v2\/users\/2"}],"replies":[{"embeddable":true,"href":"https:\/\/www.europesays.com\/pt\/wp-json\/wp\/v2\/comments?post=194392"}],"version-history":[{"count":0,"href":"https:\/\/www.europesays.com\/pt\/wp-json\/wp\/v2\/posts\/194392\/revisions"}],"wp:featuredmedia":[{"embeddable":true,"href":"https:\/\/www.europesays.com\/pt\/wp-json\/wp\/v2\/media\/194393"}],"wp:attachment":[{"href":"https:\/\/www.europesays.com\/pt\/wp-json\/wp\/v2\/media?parent=194392"}],"wp:term":[{"taxonomy":"category","embeddable":true,"href":"https:\/\/www.europesays.com\/pt\/wp-json\/wp\/v2\/categories?post=194392"},{"taxonomy":"post_tag","embeddable":true,"href":"https:\/\/www.europesays.com\/pt\/wp-json\/wp\/v2\/tags?post=194392"}],"curies":[{"name":"wp","href":"https:\/\/api.w.org\/{rel}","templated":true}]}}