{"id":194398,"date":"2025-12-19T07:35:19","date_gmt":"2025-12-19T07:35:19","guid":{"rendered":"https:\/\/www.europesays.com\/pt\/194398\/"},"modified":"2025-12-19T07:35:19","modified_gmt":"2025-12-19T07:35:19","slug":"jovens-sequestraram-agrediram-e-roubaram-vitima-que-conheceram-em-restaurante","status":"publish","type":"post","link":"https:\/\/www.europesays.com\/pt\/194398\/","title":{"rendered":"Jovens sequestraram, agrediram e roubaram v\u00edtima que conheceram em restaurante"},"content":{"rendered":"<p data-remotead-prev-elm=\"true\" data-remotead-elm-id=\"inread\">Na tarde do crime, os tr\u00eas suspeitos abordaram a v\u00edtima num espa\u00e7o de restaura\u00e7\u00e3o. Ap\u00f3s conversa fortuita, convenceram-na a abandonar o local. &#8220;J\u00e1 no exterior, com recurso a facas, amea\u00e7ada e sob sequestro, obrigaram-na a deslocar-se por diversas art\u00e9rias do centro da cidade, conseguindo subtrair-lhe dinheiro e objetos, avaliados em centenas de euros&#8221;, afirma um comunicado da PJ.<\/p>\n<p>Antes de ser liberta, cerca de tr\u00eas horas depois do momento em que foi sequestrada, a v\u00edtima foi sujeita a agress\u00f5es f\u00edsicas que lhe causaram les\u00f5es, as quais levaram ao seu internamento hospitalar.<\/p>\n<p>Ap\u00f3s dilig\u00eancias, a PJ conseguiu identificar e localizar os tr\u00eas suspeitos, que foram detidos. T\u00eam todos v\u00e1rias refer\u00eancias policiais pela pr\u00e1tica de crimes de natureza diversa e ser\u00e3o apresentados a primeiro interrogat\u00f3rio judicial para aplica\u00e7\u00e3o das medidas de coa\u00e7\u00e3o tidas por adequadas.<\/p>\n","protected":false},"excerpt":{"rendered":"Na tarde do crime, os tr\u00eas suspeitos abordaram a v\u00edtima num espa\u00e7o de restaura\u00e7\u00e3o. Ap\u00f3s conversa fortuita, convenceram-na&hellip;\n","protected":false},"author":2,"featured_media":194399,"comment_status":"","ping_status":"","sticky":false,"template":"","format":"standard","meta":{"footnotes":""},"categories":[8],"tags":[27,28,15,16,14,603,25,26,21,22,12,13,19,20,4107,32,23,24,33,5941,798,17,18,29,30,31,3105],"class_list":{"0":"post-194398","1":"post","2":"type-post","3":"status-publish","4":"format-standard","5":"has-post-thumbnail","7":"category-principais-noticias","8":"tag-breaking-news","9":"tag-breakingnews","10":"tag-featured-news","11":"tag-featurednews","12":"tag-headlines","13":"tag-justica","14":"tag-latest-news","15":"tag-latestnews","16":"tag-main-news","17":"tag-mainnews","18":"tag-news","19":"tag-noticias","20":"tag-noticias-principais","21":"tag-noticiasprincipais","22":"tag-pj","23":"tag-portugal","24":"tag-principais-noticias","25":"tag-principaisnoticias","26":"tag-pt","27":"tag-roubo","28":"tag-sequestro","29":"tag-top-stories","30":"tag-topstories","31":"tag-ultimas","32":"tag-ultimas-noticias","33":"tag-ultimasnoticias","34":"tag-viana-do-castelo"},"share_on_mastodon":{"url":"https:\/\/pubeurope.com\/@pt\/115745084212505432","error":""},"_links":{"self":[{"href":"https:\/\/www.europesays.com\/pt\/wp-json\/wp\/v2\/posts\/194398","targetHints":{"allow":["GET"]}}],"collection":[{"href":"https:\/\/www.europesays.com\/pt\/wp-json\/wp\/v2\/posts"}],"about":[{"href":"https:\/\/www.europesays.com\/pt\/wp-json\/wp\/v2\/types\/post"}],"author":[{"embeddable":true,"href":"https:\/\/www.europesays.com\/pt\/wp-json\/wp\/v2\/users\/2"}],"replies":[{"embeddable":true,"href":"https:\/\/www.europesays.com\/pt\/wp-json\/wp\/v2\/comments?post=194398"}],"version-history":[{"count":0,"href":"https:\/\/www.europesays.com\/pt\/wp-json\/wp\/v2\/posts\/194398\/revisions"}],"wp:featuredmedia":[{"embeddable":true,"href":"https:\/\/www.europesays.com\/pt\/wp-json\/wp\/v2\/media\/194399"}],"wp:attachment":[{"href":"https:\/\/www.europesays.com\/pt\/wp-json\/wp\/v2\/media?parent=194398"}],"wp:term":[{"taxonomy":"category","embeddable":true,"href":"https:\/\/www.europesays.com\/pt\/wp-json\/wp\/v2\/categories?post=194398"},{"taxonomy":"post_tag","embeddable":true,"href":"https:\/\/www.europesays.com\/pt\/wp-json\/wp\/v2\/tags?post=194398"}],"curies":[{"name":"wp","href":"https:\/\/api.w.org\/{rel}","templated":true}]}}