{"id":194448,"date":"2025-12-19T08:40:26","date_gmt":"2025-12-19T08:40:26","guid":{"rendered":"https:\/\/www.europesays.com\/pt\/194448\/"},"modified":"2025-12-19T08:40:26","modified_gmt":"2025-12-19T08:40:26","slug":"estrela-de-velozes-e-furiosos-publica-imagem-de-ia-com-cristiano-ronaldo-e-aumenta-boatos-da-entrada-de-cr7-na-franquia-do-cinema","status":"publish","type":"post","link":"https:\/\/www.europesays.com\/pt\/194448\/","title":{"rendered":"Estrela de Velozes e Furiosos publica imagem de IA com Cristiano Ronaldo e aumenta boatos da entrada de CR7 na franquia do cinema"},"content":{"rendered":"<p>Apesar da incerteza em torno da imagem, a ideia de Cristiano se juntar \u00e0 saga Velozes e Furiosos est\u00e1 longe de ser fantasiosa. Vin Diesel j\u00e1 alimentou especula\u00e7\u00f5es, revelando anteriormente no Instagram que os cineastas tinham \u201cescrito um papel\u201d especificamente para o astro portugu\u00eas.<\/p>\n<p>Vin Diesel disse no Instagram sobre uma poss\u00edvel apari\u00e7\u00e3o de Cristiano na franquia: &#8220;Todos perguntaram, ele estaria na mitologia do Velozes\u2026 Eu preciso dizer que ele \u00e9 real. Escrevemos um papel para ele\u2026 @cristiano.&#8221;<\/p>\n<p>O pr\u00f3ximo cap\u00edtulo da franquia, amplamente acreditado para ser intitulado &#8220;Velozes e Furiosos 11&#8221; ou &#8220;Velozes Para Sempre&#8221;, ser\u00e1 (provavelmente) a \u00faltima parte de uma saga que come\u00e7ou em 2001. Com lan\u00e7amento provisoriamente agendado para 2027, o filme j\u00e1 est\u00e1 cercado de intrigas, com Vin Diesel insinuando o poss\u00edvel retorno do personagem de Paul Walker, Brian O\u2019Conner, ap\u00f3s a tr\u00e1gica morte do ator em 2013.<\/p>\n<p>&#8220;Eu disse, \u2018Sob tr\u00eas condi\u00e7\u00f5es.\u2019 Primeiro, trazer a franquia de volta para LA. Segundo, retornar \u00e0 cultura automotiva e corridas de rua. E terceiro, reunir Dom e Brian O\u2019Conner&#8221;, ele acrescentou.<\/p>\n<p>Com o tempo correndo para o lan\u00e7amento do final da franquia, a janela para Cristiano fazer uma apari\u00e7\u00e3o especial est\u00e1 se estreitando. Recentes atrasos na produ\u00e7\u00e3o significam que a data de lan\u00e7amento permanece incerta, mas restri\u00e7\u00f5es de tempo podem determinar se o jogador de 40 anos poder\u00e1 realmente estar envolvido, especialmente levando em conta seus compromissos nos gramados.<\/p>\n","protected":false},"excerpt":{"rendered":"Apesar da incerteza em torno da imagem, a ideia de Cristiano se juntar \u00e0 saga Velozes e Furiosos&hellip;\n","protected":false},"author":2,"featured_media":194449,"comment_status":"","ping_status":"","sticky":false,"template":"","format":"standard","meta":{"footnotes":""},"categories":[140],"tags":[685,11755,11752,11753,114,115,147,148,146,32,33,11756],"class_list":{"0":"post-194448","1":"post","2":"type-post","3":"status-publish","4":"format-standard","5":"has-post-thumbnail","7":"category-filmes","8":"tag-al-nassr","9":"tag-al-nassr-fc","10":"tag-c-ronaldo","11":"tag-campeonato-saudita","12":"tag-entertainment","13":"tag-entretenimento","14":"tag-film","15":"tag-filmes","16":"tag-movies","17":"tag-portugal","18":"tag-pt","19":"tag-saudi-pro-league"},"share_on_mastodon":{"url":"https:\/\/pubeurope.com\/@pt\/115745340491622656","error":""},"_links":{"self":[{"href":"https:\/\/www.europesays.com\/pt\/wp-json\/wp\/v2\/posts\/194448","targetHints":{"allow":["GET"]}}],"collection":[{"href":"https:\/\/www.europesays.com\/pt\/wp-json\/wp\/v2\/posts"}],"about":[{"href":"https:\/\/www.europesays.com\/pt\/wp-json\/wp\/v2\/types\/post"}],"author":[{"embeddable":true,"href":"https:\/\/www.europesays.com\/pt\/wp-json\/wp\/v2\/users\/2"}],"replies":[{"embeddable":true,"href":"https:\/\/www.europesays.com\/pt\/wp-json\/wp\/v2\/comments?post=194448"}],"version-history":[{"count":0,"href":"https:\/\/www.europesays.com\/pt\/wp-json\/wp\/v2\/posts\/194448\/revisions"}],"wp:featuredmedia":[{"embeddable":true,"href":"https:\/\/www.europesays.com\/pt\/wp-json\/wp\/v2\/media\/194449"}],"wp:attachment":[{"href":"https:\/\/www.europesays.com\/pt\/wp-json\/wp\/v2\/media?parent=194448"}],"wp:term":[{"taxonomy":"category","embeddable":true,"href":"https:\/\/www.europesays.com\/pt\/wp-json\/wp\/v2\/categories?post=194448"},{"taxonomy":"post_tag","embeddable":true,"href":"https:\/\/www.europesays.com\/pt\/wp-json\/wp\/v2\/tags?post=194448"}],"curies":[{"name":"wp","href":"https:\/\/api.w.org\/{rel}","templated":true}]}}