{"id":194454,"date":"2025-12-19T08:46:17","date_gmt":"2025-12-19T08:46:17","guid":{"rendered":"https:\/\/www.europesays.com\/pt\/194454\/"},"modified":"2025-12-19T08:46:17","modified_gmt":"2025-12-19T08:46:17","slug":"dubai-pede-aos-residentes-que-fiquem-em-casa-devido-as-fortes-chuvas","status":"publish","type":"post","link":"https:\/\/www.europesays.com\/pt\/194454\/","title":{"rendered":"Dubai pede aos residentes que fiquem em casa devido \u00e0s fortes chuvas"},"content":{"rendered":"<p data-remotead-prev-elm=\"true\" data-remotead-elm-id=\"inread\">O apelo foi feito horas ap\u00f3s as fortes chuvas na cidade dos Emirados \u00c1rabes Unidos terem provocado inunda\u00e7\u00f5es nas ruas.<\/p>\n<p>&#8220;Para vossa seguran\u00e7a, mantenham-se vigilantes, pois s\u00e3o esperadas condi\u00e7\u00f5es meteorol\u00f3gicas inst\u00e1veis nas pr\u00f3ximas horas, e evitem sair, a menos que seja absolutamente necess\u00e1rio, at\u00e9 sexta-feira ao meio-dia&#8221;, frisou a pol\u00edcia numa mensagem enviada para os telem\u00f3veis.<\/p>\n<p>O Centro Meteorol\u00f3gico Nacional alertou para a possibilidade de ocorr\u00eancia de chuvas em todo o pa\u00eds, incluindo no Dubai e na capital, Abu Dhabi.<\/p>\n<p data-remotead-prev-elm=\"true\" data-remotead-elm-id=\"centro1\"><img decoding=\"async\" class=\"ngx-body\" guid=\"6b6b33cf-a976-4411-bc28-a1b512302ea3\" src=\"https:\/\/www.europesays.com\/pt\/wp-content\/uploads\/2025\/12\/1766133977_256_image.webp\" width=\"100%\"\/><br \/>Foto: Giuseppe Cacace\/ AFP<\/p>\n<p>Outros pa\u00edses do Golfo tamb\u00e9m registaram fortes chuvas, incluindo a Ar\u00e1bia Saudita e o Catar, onde o mau tempo levou ao cancelamento de um jogo da Ta\u00e7a \u00c1rabe.<\/p>\n<p>Em abril de 2024, chuvas recorde atingiram os Emirados \u00c1rabes Unidos, inundando casas e transformando ruas em rios. Estas chuvas, agravadas pela falta de sistemas de drenagem, paralisaram o Aeroporto do Dubai, o mais movimentado do mundo em termos de passageiros internacionais. Causaram ainda a morte de pelo menos quatro pessoas.<\/p>\n","protected":false},"excerpt":{"rendered":"O apelo foi feito horas ap\u00f3s as fortes chuvas na cidade dos Emirados \u00c1rabes Unidos terem provocado inunda\u00e7\u00f5es&hellip;\n","protected":false},"author":2,"featured_media":194455,"comment_status":"","ping_status":"","sticky":false,"template":"","format":"standard","meta":{"footnotes":""},"categories":[50],"tags":[27,28,5225,15,16,14,25,26,21,22,8532,62,12,13,19,20,23,24,17,18,29,30,31,63,64,65],"class_list":{"0":"post-194454","1":"post","2":"type-post","3":"status-publish","4":"format-standard","5":"has-post-thumbnail","7":"category-mundo","8":"tag-breaking-news","9":"tag-breakingnews","10":"tag-dubai","11":"tag-featured-news","12":"tag-featurednews","13":"tag-headlines","14":"tag-latest-news","15":"tag-latestnews","16":"tag-main-news","17":"tag-mainnews","18":"tag-mau-tempo","19":"tag-mundo","20":"tag-news","21":"tag-noticias","22":"tag-noticias-principais","23":"tag-noticiasprincipais","24":"tag-principais-noticias","25":"tag-principaisnoticias","26":"tag-top-stories","27":"tag-topstories","28":"tag-ultimas","29":"tag-ultimas-noticias","30":"tag-ultimasnoticias","31":"tag-world","32":"tag-world-news","33":"tag-worldnews"},"share_on_mastodon":{"url":"https:\/\/pubeurope.com\/@pt\/115745363864965645","error":""},"_links":{"self":[{"href":"https:\/\/www.europesays.com\/pt\/wp-json\/wp\/v2\/posts\/194454","targetHints":{"allow":["GET"]}}],"collection":[{"href":"https:\/\/www.europesays.com\/pt\/wp-json\/wp\/v2\/posts"}],"about":[{"href":"https:\/\/www.europesays.com\/pt\/wp-json\/wp\/v2\/types\/post"}],"author":[{"embeddable":true,"href":"https:\/\/www.europesays.com\/pt\/wp-json\/wp\/v2\/users\/2"}],"replies":[{"embeddable":true,"href":"https:\/\/www.europesays.com\/pt\/wp-json\/wp\/v2\/comments?post=194454"}],"version-history":[{"count":0,"href":"https:\/\/www.europesays.com\/pt\/wp-json\/wp\/v2\/posts\/194454\/revisions"}],"wp:featuredmedia":[{"embeddable":true,"href":"https:\/\/www.europesays.com\/pt\/wp-json\/wp\/v2\/media\/194455"}],"wp:attachment":[{"href":"https:\/\/www.europesays.com\/pt\/wp-json\/wp\/v2\/media?parent=194454"}],"wp:term":[{"taxonomy":"category","embeddable":true,"href":"https:\/\/www.europesays.com\/pt\/wp-json\/wp\/v2\/categories?post=194454"},{"taxonomy":"post_tag","embeddable":true,"href":"https:\/\/www.europesays.com\/pt\/wp-json\/wp\/v2\/tags?post=194454"}],"curies":[{"name":"wp","href":"https:\/\/api.w.org\/{rel}","templated":true}]}}