{"id":194461,"date":"2025-12-19T08:52:15","date_gmt":"2025-12-19T08:52:15","guid":{"rendered":"https:\/\/www.europesays.com\/pt\/194461\/"},"modified":"2025-12-19T08:52:15","modified_gmt":"2025-12-19T08:52:15","slug":"terra-forte-rosa-maria-fica-em-choque-ao-saber-que-flor-e-sammy-ja-se-envolveram-novelas","status":"publish","type":"post","link":"https:\/\/www.europesays.com\/pt\/194461\/","title":{"rendered":"Terra Forte: Rosa Maria fica em choque ao saber que Flor e Sammy j\u00e1 se envolveram &#8211; Novelas"},"content":{"rendered":"<p>Em \u00abTerra Forte\u00bb, Rosa Maria (Cust\u00f3dia Gallego) diz a \u00c1lvaro (Jos\u00e9 Wallenstein) e Sammy (Jos\u00e9 Fidalgo) que resolveu ir ali por sentir que o casamento de Flor (Benedita Pereira) com Ant\u00f3nio (Jo\u00e3o Catarr\u00e9) est\u00e1 cada vez mais em perigo. \u00c1lvaro diz que a situa\u00e7\u00e3o est\u00e1 mais grave do que ela pensa, revelando-lhe que Sammy e Flor j\u00e1 se envolveram.<\/p>\n","protected":false},"excerpt":{"rendered":"Em \u00abTerra Forte\u00bb, Rosa Maria (Cust\u00f3dia Gallego) diz a \u00c1lvaro (Jos\u00e9 Wallenstein) e Sammy (Jos\u00e9 Fidalgo) que resolveu&hellip;\n","protected":false},"author":2,"featured_media":194462,"comment_status":"","ping_status":"","sticky":false,"template":"","format":"standard","meta":{"footnotes":""},"categories":[142],"tags":[160,166,114,115,157,167,164,2931,161,158,165,159,32,33,156,18614,163,151,162],"class_list":{"0":"post-194461","1":"post","2":"type-post","3":"status-publish","4":"format-standard","5":"has-post-thumbnail","7":"category-tv","8":"tag-ana-guiomar","9":"tag-cristina-ferreira","10":"tag-entertainment","11":"tag-entretenimento","12":"tag-festa-e-festa","13":"tag-ficcao","14":"tag-jose-fidalgo","15":"tag-novela","16":"tag-novelas","17":"tag-para-sempre","18":"tag-pedro-sousa","19":"tag-pedro-teixeira","20":"tag-portugal","21":"tag-pt","22":"tag-queridos-papas","23":"tag-terra-forte","24":"tag-tiago-teotonio-pereira","25":"tag-tv","26":"tag-tvi"},"share_on_mastodon":{"url":"https:\/\/pubeurope.com\/@pt\/115745386836775920","error":""},"_links":{"self":[{"href":"https:\/\/www.europesays.com\/pt\/wp-json\/wp\/v2\/posts\/194461","targetHints":{"allow":["GET"]}}],"collection":[{"href":"https:\/\/www.europesays.com\/pt\/wp-json\/wp\/v2\/posts"}],"about":[{"href":"https:\/\/www.europesays.com\/pt\/wp-json\/wp\/v2\/types\/post"}],"author":[{"embeddable":true,"href":"https:\/\/www.europesays.com\/pt\/wp-json\/wp\/v2\/users\/2"}],"replies":[{"embeddable":true,"href":"https:\/\/www.europesays.com\/pt\/wp-json\/wp\/v2\/comments?post=194461"}],"version-history":[{"count":0,"href":"https:\/\/www.europesays.com\/pt\/wp-json\/wp\/v2\/posts\/194461\/revisions"}],"wp:featuredmedia":[{"embeddable":true,"href":"https:\/\/www.europesays.com\/pt\/wp-json\/wp\/v2\/media\/194462"}],"wp:attachment":[{"href":"https:\/\/www.europesays.com\/pt\/wp-json\/wp\/v2\/media?parent=194461"}],"wp:term":[{"taxonomy":"category","embeddable":true,"href":"https:\/\/www.europesays.com\/pt\/wp-json\/wp\/v2\/categories?post=194461"},{"taxonomy":"post_tag","embeddable":true,"href":"https:\/\/www.europesays.com\/pt\/wp-json\/wp\/v2\/tags?post=194461"}],"curies":[{"name":"wp","href":"https:\/\/api.w.org\/{rel}","templated":true}]}}