{"id":194488,"date":"2025-12-19T09:16:27","date_gmt":"2025-12-19T09:16:27","guid":{"rendered":"https:\/\/www.europesays.com\/pt\/194488\/"},"modified":"2025-12-19T09:16:27","modified_gmt":"2025-12-19T09:16:27","slug":"ventura-na-frente-em-duas-sondagens-gouveia-e-melo-cai-observador","status":"publish","type":"post","link":"https:\/\/www.europesays.com\/pt\/194488\/","title":{"rendered":"Ventura na frente em duas sondagens. Gouveia e Melo cai \u2013 Observador"},"content":{"rendered":"<p>Andr\u00e9 Ventura surge em primeiro lugar em duas novas sondagens para as elei\u00e7\u00f5es presidenciais, uma da Intercampus para o Now e outra do ICS\/ISCTE para a SIC e Expresso. Em ambas Lu\u00eds Marques Mendes surge em segundo lugar (numa delas empatado com Henrique Gouveia e Melo) \u2014 o que significa que se as presidenciais fossem hoje seria prov\u00e1vel uma segunda volta entre o l\u00edder do Chega e o social-democrata.<\/p>\n<p>No <a href=\"https:\/\/www.nowcanal.pt\/politica\/detalhe\/sondagem-da-primeiro-lugar-a-andre-ventura-mas-sem-hipoteses-a-segunda-volta-e-gouveia-e-melo-cai-para-quinto-lugar\" rel=\"nofollow noopener\" target=\"_blank\">bar\u00f3metro da Intercampus<\/a>, de novembro para dezembro, o presidente do Chega subiu 2,8 pontos percentuais (encontra-se agora com 18,7%), o que permitiu ultrapassar Marques Mendes, que h\u00e1 um m\u00eas estava em segundo. O candidato apoiado pelo PSD aparece agora com 16,9%. E h\u00e1 v\u00e1rios destaques Jo\u00e3o Cotrim Figueiredo sobe a terceiro; Ant\u00f3nio Jos\u00e9 Seguro surge em quatro e Henrique Gouveia e Melo cai para quinto.<\/p>\n<p>O ex-presidente da IL\u00a0surge com 13,6% nas inten\u00e7\u00f5es de voto, quando h\u00e1 um m\u00eas estava nos 11,5%; Seguro tem 12,8%, tendo crescido face aos 11,1% de novembro e Gouveia e Melo desceu consideravelmente de 15,5% para 11,9%. Catarina Martins, Jorge Pinto e Ant\u00f3nio Filipe aparecem com 6,4%, 4,3% e 3,9%, respetivamente.<\/p>\n<p>De resto, numa segunda volta das elei\u00e7\u00f5es, Marques Mendes venceria Ventura com 55,8% contra 30,1%.<\/p>\n<p>J\u00e1 na <a href=\"https:\/\/expresso.pt\/politica\/eleicoes\/presidenciais-2026\/2025-12-18-sondagem-expresso-sic-trio-da-frente-perde-forca-debates-nao-desempatam-6cb310e5\" rel=\"nofollow noopener\" target=\"_blank\">sondagem do ICS\/ ISCTE<\/a> para a SIC e Expresso, Andr\u00e9 Ventura tamb\u00e9m surge em primeiro lugar, com 17% das inten\u00e7\u00f5es de voto (22% com distribui\u00e7\u00e3o de indecisos), seguido de perto por Lu\u00eds Marques Mendes, com 15% (20% com a distribui\u00e7\u00e3o de indecisos) e Henrique Gouveia e Melo, exatamente com os mesmos valores do social-democrata.<\/p>\n<p>Ant\u00f3nio Jos\u00e9 Seguro aparece na sondagem com 11% (14% com distribui\u00e7\u00e3o de indecisos) e Jo\u00e3o Cotrim Figueiredo com 8% (10% com distribui\u00e7\u00e3o de indecisos) \u2014 sendo que dos cinco principais candidatos s\u00f3 o socialista e o liberal sobem da \u00faltima sondagem para a atual. Se as elei\u00e7\u00f5es fossem hoje, Catarina Martins teria 4% (5% com distribui\u00e7\u00e3o de indecisos), seguida de Ant\u00f3nio Filipe com 2% (3% com distribui\u00e7\u00e3o de indecisos) e Jorge Pinto com 1%.<\/p>\n<p>Nesta fotografia do momento, relativamente a cen\u00e1rios de segunda volta, Andr\u00e9 Ventura perde independentemente do advers\u00e1rio. Surge com 23% dos votos contra 49% de Marques Mendes; com 24% contra 47% de Gouveia e Melo; com 24% contra 45% de Seguro. Para o caso de Seguro e Mendes se encontrarem a 8 de fevereiro, o social-democrata surge com 37% das inten\u00e7\u00f5es de voto contra 25% do socialista e no cen\u00e1rio de uma segunda volta entre Gouveia e Melo e Marques Mendes, a pesquisa conclui que o ex-comentador levaria a melhor com 35% contra 31%.<\/p>\n<p>A sondagem da Intercampus tem uma amostra de 611 entrevistas recolhidas atrav\u00e9s de entrevista telef\u00f3nica entre os dias 12 e 16 de dezembro. Tem uma margem de erro de 4%. J\u00e1 a do ICS\/ISCTE recolheu 903 entrevistas e a taxa de erro \u00e9 de 3,25%.<\/p>\n","protected":false},"excerpt":{"rendered":"Andr\u00e9 Ventura surge em primeiro lugar em duas novas sondagens para as elei\u00e7\u00f5es presidenciais, uma da Intercampus para&hellip;\n","protected":false},"author":2,"featured_media":194489,"comment_status":"","ping_status":"","sticky":false,"template":"","format":"standard","meta":{"footnotes":""},"categories":[8],"tags":[27,28,1077,15,16,14,25,26,21,22,12,13,19,20,302,32,1076,23,24,33,17,18,29,30,31],"class_list":{"0":"post-194488","1":"post","2":"type-post","3":"status-publish","4":"format-standard","5":"has-post-thumbnail","7":"category-principais-noticias","8":"tag-breaking-news","9":"tag-breakingnews","10":"tag-eleiu00e7u00f5es","11":"tag-featured-news","12":"tag-featurednews","13":"tag-headlines","14":"tag-latest-news","15":"tag-latestnews","16":"tag-main-news","17":"tag-mainnews","18":"tag-news","19":"tag-noticias","20":"tag-noticias-principais","21":"tag-noticiasprincipais","22":"tag-polu00edtica","23":"tag-portugal","24":"tag-presidenciais-2026","25":"tag-principais-noticias","26":"tag-principaisnoticias","27":"tag-pt","28":"tag-top-stories","29":"tag-topstories","30":"tag-ultimas","31":"tag-ultimas-noticias","32":"tag-ultimasnoticias"},"share_on_mastodon":{"url":"https:\/\/pubeurope.com\/@pt\/115745481362415475","error":""},"_links":{"self":[{"href":"https:\/\/www.europesays.com\/pt\/wp-json\/wp\/v2\/posts\/194488","targetHints":{"allow":["GET"]}}],"collection":[{"href":"https:\/\/www.europesays.com\/pt\/wp-json\/wp\/v2\/posts"}],"about":[{"href":"https:\/\/www.europesays.com\/pt\/wp-json\/wp\/v2\/types\/post"}],"author":[{"embeddable":true,"href":"https:\/\/www.europesays.com\/pt\/wp-json\/wp\/v2\/users\/2"}],"replies":[{"embeddable":true,"href":"https:\/\/www.europesays.com\/pt\/wp-json\/wp\/v2\/comments?post=194488"}],"version-history":[{"count":0,"href":"https:\/\/www.europesays.com\/pt\/wp-json\/wp\/v2\/posts\/194488\/revisions"}],"wp:featuredmedia":[{"embeddable":true,"href":"https:\/\/www.europesays.com\/pt\/wp-json\/wp\/v2\/media\/194489"}],"wp:attachment":[{"href":"https:\/\/www.europesays.com\/pt\/wp-json\/wp\/v2\/media?parent=194488"}],"wp:term":[{"taxonomy":"category","embeddable":true,"href":"https:\/\/www.europesays.com\/pt\/wp-json\/wp\/v2\/categories?post=194488"},{"taxonomy":"post_tag","embeddable":true,"href":"https:\/\/www.europesays.com\/pt\/wp-json\/wp\/v2\/tags?post=194488"}],"curies":[{"name":"wp","href":"https:\/\/api.w.org\/{rel}","templated":true}]}}