{"id":194503,"date":"2025-12-19T09:28:11","date_gmt":"2025-12-19T09:28:11","guid":{"rendered":"https:\/\/www.europesays.com\/pt\/194503\/"},"modified":"2025-12-19T09:28:11","modified_gmt":"2025-12-19T09:28:11","slug":"sem-acordo-sobre-ativos-russos-ue-opta-por-emprestimo-de-90-mil-milhoes-para-socorrer-ucrania","status":"publish","type":"post","link":"https:\/\/www.europesays.com\/pt\/194503\/","title":{"rendered":"Sem acordo sobre ativos russos. UE opta por empr\u00e9stimo de 90 mil milh\u00f5es para socorrer Ucr\u00e2nia"},"content":{"rendered":"<p>                O presidente do Conselho Europeu estimou esta sexta-feira, no culminar dos trabalhos da cimeira de l\u00edderes dos Estados-membros da Uni\u00e3o, em Bruxelas, que o bloco cumpriu aquilo com que se comprometeu relativamente \u00e0 Ucr\u00e2nia. Contudo, n\u00e3o foi poss\u00edvel chegar a acordo sobre o recurso a ativos russos congelados. A f\u00f3rmula passar\u00e1 por contrair um empr\u00e9stimo de 90 mil milh\u00f5es de euros nos mercados, ou seja, d\u00edvida conjunta. Ainda assim, sem obriga\u00e7\u00f5es para Hungria, Eslov\u00e1quia e Rep\u00fablica Checa.<\/p>\n<p>\u201cComprometemo-nos e cumprimos. Em outubro, decidimos que a Uni\u00e3o Europeia iria cobrir as necessidades financeiras urgentes da Ucr\u00e2nia para 2026 e 2027. Na semana passada, decidimos que a R\u00fassia n\u00e3o recuperar\u00e1 seus ativos at\u00e9 que Moscovo cesse sua agress\u00e3o. <b>Hoje, aprovamos uma decis\u00e3o para fornecer 90 mil milh\u00f5es de euros \u00e0 Ucr\u00e2nia nos pr\u00f3ximos dois anos<\/b>\u201d, sintetizou Ant\u00f3nio Costa no termo da maratona de conversa\u00e7\u00f5es.<\/p>\n<p><b>\u201cCom urg\u00eancia, concederemos um empr\u00e9stimo garantido pelo or\u00e7amento da Uni\u00e3o Europeia. Isso atender\u00e1 \u00e0s necessidades financeiras urgentes da Ucr\u00e2nia e a Ucr\u00e2nia s\u00f3 reembolsar\u00e1 esse empr\u00e9stimo quando a R\u00fassia pagar as repara\u00e7\u00f5es&#8221;<\/b>, acrescentou.O presidente do Conselho Europeu admitiu que n\u00e3o foi poss\u00edvel, por agora, chegar a um acordo sobre a utiliza\u00e7\u00e3o dos bens russos congelados, uma via in\u00e9dita que o primeiro-ministro h\u00fangaro, Viktor Orb\u00e1n, chegou a classificar como um prel\u00fadio de guerra com a R\u00fassia, na antec\u00e2mara da reuni\u00e3o de l\u00edderes. <\/p>\n<p>A Uni\u00e3o Europeia, prosseguiu Ant\u00f3nio Costa, <b>n\u00e3o prescinde de vir a recorrer, no futuro, aos ativos russos para pagar o empr\u00e9stimo que se prepara agora para contrair nos mercados<\/b>, sustentando que a decis\u00e3o adotada em Bruxelas constitui uma mensagem clara para o Kremlin.<\/p>\n<p>          <img decoding=\"async\" itemprop=\"image\" class=\"img-fluid\"   src=\"https:\/\/www.europesays.com\/pt\/wp-content\/uploads\/2025\/12\/c5795d76865908e196aa2241c6c6781a_N.jpg\"\/><\/p>\n<p><b>\u201cA Uni\u00e3o reserva-se o direito de utilizar os bens imobilizados para amortizar este empr\u00e9stimo. Simultaneamente, demos um mandato \u00e0 Comiss\u00e3o para que continue a trabalhar no empr\u00e9stimo de repara\u00e7\u00e3o com base em bens imobilizados russos\u201d<\/b>, vincou.A partir de Washington, o presidente norte-americano, Donald Trump, voltou a instar a Ucr\u00e2nia a \u201cagir rapidamente\u201d, antes de a R\u00fassia \u201cmudar de ideias\u201d.<\/p>\n<p>\u201cA mensagem que enviamos hoje \u00e0 R\u00fassia \u00e9 cristalina: primeiro, <b>n\u00e3o alcan\u00e7aram os vossos objetivos na Ucr\u00e2nia<\/b>; segundo, <b>a Europa est\u00e1 com a Ucr\u00e2nia hoje, amanh\u00e3 e enquanto for necess\u00e1rio<\/b>; terceiro, <b>a R\u00fassia deve sentar-se \u00e0 mesa de negocia\u00e7\u00f5es de forma s\u00e9ria e aceitar que n\u00e3o vencer\u00e1 esta guerra<\/b>\u201d, rematou Costa.<br \/>&#13;<br \/>\n\u201c\u00c9 uma posi\u00e7\u00e3o forte\u201d<br \/>&#13;<br \/>\nA procurar afinar pela mesma nota dominante, Lu\u00eds Montenegro descreveu a cimeira como complexa, mas com um resultado, na sua perspetiva, satisfat\u00f3rio.<\/p>\n<p>\u201cO que eu posso dizer \u00e9 que, <b>efetivamente, \u00e9 uma posi\u00e7\u00e3o forte da Uni\u00e3o Europeia<\/b>. \u00c9 uma express\u00e3o de unidade. N\u00f3s fomos t\u00e3o longe quanto era necess\u00e1rio. O que era necess\u00e1rio era garantir este apoio e garanti-lo de forma imediata e \u00e9 isso que est\u00e1 consagrado a todas as condi\u00e7\u00f5es para operacionalizar esta decis\u00e3o nos pr\u00f3ximos dias\u201d, afirmou o primeiro-ministro portugu\u00eas.Ao longo de mais de 12 horas, os chefes de Estado e de governo da Uni\u00e3o Europeia trabalharam na hip\u00f3tese de usar os ativos russos imobilizados na B\u00e9lgica para atribuir um empr\u00e9stimo \u00e0 Ucr\u00e2nia. Todavia, a Fran\u00e7a considerou que a B\u00e9lgica, onde esses ativos est\u00e3o depositados, estava a pedir garantias ilimitadas e n\u00e3o foi poss\u00edvel avan\u00e7ar. <\/p>\n<p>Foi pelas 2h00 desta sexta-feira que o plano B come\u00e7ou a ganhar forma: d\u00edvida conjunta.\u201c\u00c9 uma mensagem decisiva para p\u00f4r fim \u00e0 guerra, pois Putin n\u00e3o far\u00e1 concess\u00f5es at\u00e9 compreender que a guerra n\u00e3o lhe trar\u00e1 nada\u201d, propugnou o chanceler alem\u00e3o, Friedrich Merz.<\/p>\n<p>Os rel\u00f3gios marcavam as 3h00 quando ficou decidido que se recorreria aos mercados, sem que tal comportasse custos para Hungria, Eslov\u00e1quia e Rep\u00fablica Checa, opositoras a qualquer forma de ajudar Kiev.<\/p>\n<p>          <img decoding=\"async\" itemprop=\"image\" class=\"img-fluid\"   src=\"https:\/\/www.europesays.com\/pt\/wp-content\/uploads\/2025\/12\/c56f25cc7e110942cca0d81c240b893b\"\/><\/p>\n<p>Andrea Neves &#8211; Antena 1<\/p>\n<p>\u201c\u00c9 verdade que h\u00e1 vontade de utilizar os ativos imobilizados da R\u00fassia para poderem contribuir com uma solu\u00e7\u00e3o que seja t\u00e9cnica e juridicamente consistente e robusta para este financiamento&#8221;, insistiu Montenegro. <\/p>\n<p>Ou seja, <b>o recurso aos ativos n\u00e3o estar\u00e1 completamente afastado. Mas ainda h\u00e1 detalhes por acertar<\/b>.<\/p>\n<p>\u201cNeste momento n\u00f3s n\u00e3o temos forma de poder apurar em concreto, exatamente, esse custo. <b>O que podemos dizer \u00e9 que a inten\u00e7\u00e3o dos Estados-membros \u00e9 diminu\u00ed-lo, se n\u00e3o mesmo elimin\u00e1-lo<\/b>. E <b>uma das formas de o fazer \u00e9 precisamente a utiliza\u00e7\u00e3o dos ativos russos imobilizados. Evidentemente que n\u00f3s n\u00e3o podemos esconder que esta solu\u00e7\u00e3o obriga \u00e0 emiss\u00e3o de d\u00edvida<\/b>, que <b>isso n\u00e3o \u00e9 isento de um custo<\/b>\u201d.<br \/>&#13;<br \/>\n\u201cUm apoio importante\u201d<br \/>&#13;<br \/>\n<br \/>&#13;<br \/>\nPor sua vez, o presidente ucraniano reagiu ao resultado da cimeira com a sauda\u00e7\u00e3o a \u201cum apoio importante que refor\u00e7a verdadeiramente\u201d a \u201cresist\u00eancia\u201d do seu pa\u00eds.<\/p>\n<p><b>\u201c\u00c9 importante que os ativos russos continuem imobilizados e que a Ucr\u00e2nia tenha recebido uma garantia de seguran\u00e7a financeira para os anos vindouros\u201d<\/b>, escreveu Volodymyr Zelensky no X.<\/p>\n<blockquote class=\"twitter-tweet\"><p>&#13;<\/p>\n<p lang=\"en\" dir=\"ltr\">&#13;<br \/>\n\tI am grateful to all leaders of the European Union for the European Council\u2019s decision on \u20ac90 billion in financial support for Ukraine in 2026\u20132027. This is significant support that truly strengthens our resilience. It is important that Russian assets remain immobilized and that\u2026&#13;\n\t<\/p>\n<p>&#13;<br \/>\n\t\u2014 Volodymyr Zelenskyy \/ \u0412\u043e\u043b\u043e\u0434\u0438\u043c\u0438\u0440 \u0417\u0435\u043b\u0435\u043d\u0441\u044c\u043a\u0438\u0439 (@ZelenskyyUa) <a href=\"https:\/\/twitter.com\/ZelenskyyUa\/status\/2001889263470936154?ref_src=twsrc%5Etfw\" rel=\"nofollow noopener\" target=\"_blank\">December 19, 2025<\/a>&#13;\n<\/p><\/blockquote>\n<p>\nAs necessidades financeiras de Kiev est\u00e3o nesta altura avaliadas em 137 mil milh\u00f5es de euros. Dois ter\u00e7os ser\u00e3o cobertos pela Uni\u00e3o Europeia e o restante dever\u00e1 ficar a cargo de outros aliados do pa\u00eds invadido pela R\u00fassia de Vladimir Putin, como o Canad\u00e1 e a Noruega.<br \/>\nAcordo com Mercosul adiado <br \/>&#13;<br \/>\n<br \/>\nQuanto ao segundo cap\u00edtulo desta cimeira, o acordo com o Mercosul, a presidente da Comiss\u00e3o Europeia revelou que, dos trabalhos, sai um refor\u00e7o do caminho para a assinatura. A celebra\u00e7\u00e3o deveria ocorrer no s\u00e1bado, mas a viagem ao Brasil fica adiada para janeiro, com o acordo dos parceiros da Am\u00e9rica Latina.<\/p>\n<p><b>\u201cEsta noite, alcan\u00e7\u00e1mos um avan\u00e7o significativo que pavimentar\u00e1 o caminho para a conclus\u00e3o bem-sucedida do Acordo do Mercosul em janeiro\u201d<\/b>, afirmou Ursula von der Leyen.\u201cPrecisamos de algumas semanas adicionais para resolver algumas quest\u00f5es com os Estados-membros e, por isso, entramos em contato com nossos parceiros do Mercosul e concord\u00e1mos em adiar ligeiramente a assinatura\u201d.<br \/>&#13;\n<\/p>\n<p>Ainda segundo a presidente do Executivo comunit\u00e1rio, <b>\u201ceste acordo \u00e9 de import\u00e2ncia crucial para a Europa nos \u00e2mbitos econ\u00f3mico, diplom\u00e1tico e geopol\u00edtico\u201d<\/b>: \u201cAbre novas oportunidades comerciais e econ\u00f3micas para todos os nossos Estados-membros e, com verifica\u00e7\u00f5es e salvaguardas adicionais, inclu\u00edmos todas as prote\u00e7\u00f5es necess\u00e1rias para nossos agricultores e consumidores\u201d.<\/p>\n<p>Lu\u00eds Montenegro posicionou-se, durante os trabalhos, a favor da concretiza\u00e7\u00e3o do acordo de com\u00e9rcio, apesar das d\u00favidas manifestadas por Fran\u00e7a e It\u00e1lia.<\/p>\n<p><b>\u201cTenho vindo a reiterar, Conselho ap\u00f3s Conselho, que \u00e9 um sinal de fraqueza a falta de passarmos a implementa\u00e7\u00e3o deste acordo que demorou 25 anos a alcan\u00e7ar, \u00e9 fruto tamb\u00e9m a\u00ed de uma discuss\u00e3o acesa\u201d<\/b>, enfatizou o primeiro-ministro.<\/p>\n<p>\u201cPosso transmitir-vos que h\u00e1 uma pr\u00e9-decis\u00e3o de que isso acontecer\u00e1 nas pr\u00f3ximas semanas, no espa\u00e7o m\u00e1ximo de um m\u00eas. As resist\u00eancias que ainda h\u00e1 em alguns Estados-membros est\u00e3o praticamente ultrapassadas. E porque entendemos mesmo que a nossa credibilidade, do ponto de vista da estrat\u00e9gia econ\u00f3mica, tamb\u00e9m depende de sermos consequentes com as decis\u00f5es que tomamos\u201d, concluiu.&#13;\n            <\/p>\n<p><script async src=\"https:\/\/platform.twitter.com\/widgets.js\" charset=\"utf-8\"><\/script><\/p>\n","protected":false},"excerpt":{"rendered":"O presidente do Conselho Europeu estimou esta sexta-feira, no culminar dos trabalhos da cimeira de l\u00edderes dos Estados-membros&hellip;\n","protected":false},"author":2,"featured_media":194504,"comment_status":"","ping_status":"","sticky":false,"template":"","format":"standard","meta":{"footnotes":""},"categories":[50],"tags":[27,28,8567,7962,32573,15,16,830,14,25,26,21,22,62,12,13,19,20,23,24,839,17,18,840,29,30,31,636,63,64,65],"class_list":{"0":"post-194503","1":"post","2":"type-post","3":"status-publish","4":"format-standard","5":"has-post-thumbnail","7":"category-mundo","8":"tag-breaking-news","9":"tag-breakingnews","10":"tag-cimeira","11":"tag-conselho-europeu","12":"tag-emprestimo","13":"tag-featured-news","14":"tag-featurednews","15":"tag-guerra","16":"tag-headlines","17":"tag-latest-news","18":"tag-latestnews","19":"tag-main-news","20":"tag-mainnews","21":"tag-mundo","22":"tag-news","23":"tag-noticias","24":"tag-noticias-principais","25":"tag-noticiasprincipais","26":"tag-principais-noticias","27":"tag-principaisnoticias","28":"tag-russia","29":"tag-top-stories","30":"tag-topstories","31":"tag-ucrania","32":"tag-ultimas","33":"tag-ultimas-noticias","34":"tag-ultimasnoticias","35":"tag-uniao-europeia","36":"tag-world","37":"tag-world-news","38":"tag-worldnews"},"share_on_mastodon":{"url":"","error":"Validation failed: Text character limit of 500 exceeded"},"_links":{"self":[{"href":"https:\/\/www.europesays.com\/pt\/wp-json\/wp\/v2\/posts\/194503","targetHints":{"allow":["GET"]}}],"collection":[{"href":"https:\/\/www.europesays.com\/pt\/wp-json\/wp\/v2\/posts"}],"about":[{"href":"https:\/\/www.europesays.com\/pt\/wp-json\/wp\/v2\/types\/post"}],"author":[{"embeddable":true,"href":"https:\/\/www.europesays.com\/pt\/wp-json\/wp\/v2\/users\/2"}],"replies":[{"embeddable":true,"href":"https:\/\/www.europesays.com\/pt\/wp-json\/wp\/v2\/comments?post=194503"}],"version-history":[{"count":0,"href":"https:\/\/www.europesays.com\/pt\/wp-json\/wp\/v2\/posts\/194503\/revisions"}],"wp:featuredmedia":[{"embeddable":true,"href":"https:\/\/www.europesays.com\/pt\/wp-json\/wp\/v2\/media\/194504"}],"wp:attachment":[{"href":"https:\/\/www.europesays.com\/pt\/wp-json\/wp\/v2\/media?parent=194503"}],"wp:term":[{"taxonomy":"category","embeddable":true,"href":"https:\/\/www.europesays.com\/pt\/wp-json\/wp\/v2\/categories?post=194503"},{"taxonomy":"post_tag","embeddable":true,"href":"https:\/\/www.europesays.com\/pt\/wp-json\/wp\/v2\/tags?post=194503"}],"curies":[{"name":"wp","href":"https:\/\/api.w.org\/{rel}","templated":true}]}}