{"id":194511,"date":"2025-12-19T09:36:11","date_gmt":"2025-12-19T09:36:11","guid":{"rendered":"https:\/\/www.europesays.com\/pt\/194511\/"},"modified":"2025-12-19T09:36:11","modified_gmt":"2025-12-19T09:36:11","slug":"afetuoso-e-humano-o-filme-com-bill-murray-e-naomi-watts-que-ensina-a-continuar-vivendo-no-prime-video","status":"publish","type":"post","link":"https:\/\/www.europesays.com\/pt\/194511\/","title":{"rendered":"Afetuoso e humano, o filme com Bill Murray e Naomi Watts que ensina a continuar vivendo \u2014 no Prime Video"},"content":{"rendered":"<p>O poder terap\u00eautico dos c\u00e3es manifesta-se de uma maneira silenciosa na vida dos seres humanos, um b\u00e1lsamo quase milagroso que alivia doen\u00e7as da carne e do esp\u00edrito. Para muita gente, a simples presen\u00e7a de um cachorro j\u00e1 \u00e9 o bastante para transmitir seguran\u00e7a e uma ideia de pertencimento, miudezas que v\u00eam escasseando nas rela\u00e7\u00f5es. O afeto canino \u00e9 direto e incondicional, sem maiores ambi\u00e7\u00f5es que uma tigela de comida e um passeio ao cair da noite, ben\u00e9fico tamb\u00e9m para n\u00f3s. O cinema faz bom uso desse longevo relacionamento de trinta mil anos, e \u201cO Amigo\u201d deixa claro que o assunto continua a render. David Siegel e Scott McGehee comp\u00f5em uma alegoria sobre os la\u00e7os misteriosos que unem as pessoas, sujeitos a uma ruptura unilateral e definitiva.<\/p>\n<p>Desde o momento em que vemos a luz do mundo pela primeira vez, todos n\u00f3s corremos contra o rel\u00f3gio, na esperan\u00e7a de termos alguma chance real de ser felizes. Esta busca obsessiva pela felicidade, que pode se tornar patol\u00f3gica quando sob o pretexto de que deve ser alcan\u00e7ada a qualquer custo, certamente \u00e9 um dos venenos da vida p\u00f3s-moderna. Num esfor\u00e7o de reparar erros cometidos ao longo da vida, opta-se por um caminho ilus\u00f3rio de felicidade, artificial e enganosa, cujas armadilhas deixam rastros de infort\u00fanio na jornada daqueles que se atiram neste abismo e tamb\u00e9m para os que assistem ao grotesco espet\u00e1culo de perto, sem esbo\u00e7ar uma rea\u00e7\u00e3o. Iris e Walter passam por isso.<\/p>\n<p>Baseado no livro hom\u00f4nimo de Sigrid Nunez, de 2018, o roteiro de Siegel e McGehee capta os lances tragic\u00f4micos da conviv\u00eancia de Iris, uma escritora de Nova York t\u00e3o\u00a0talentosa quanto atormentada, e Walter, seu melhor amigo e uma influ\u00eancia cujo vigor ela soube aproveitar. Os diretores v\u00e3o dando um ou outro ind\u00edcio do que ir\u00e1 acontecer com Walter e ningu\u00e9m fica surpreso quando ele sai de cena, malgrado seja a partir do choque dessa realidade, nova e lament\u00e1vel, que o filme decole. A heran\u00e7a que Walter deixa para Iris \u00e9 Apollo, um imenso dogue alem\u00e3o malhado de olhar distante e bochechas fl\u00e1cidas que talvez j\u00e1 intu\u00edsse o destino do tutor e que vira o centro da vida da nova consorte, dando-lhe as li\u00e7\u00f5es que seu mentor n\u00e3o pudera lhe dar. O cachorro costura as lembran\u00e7as que Iris tem de Walter, e Naomi Watts, Bill Murray e, claro, Bing, o \u201cint\u00e9rprete\u201d de Apollo, levam o espectador a refletir sobre a finitude e os motivos para se convencer de que a teimosia \u00e9 uma qualidade.<\/p>\n<p>\n<strong>Filme: <\/strong><br \/>\nO Amigo\u00a0<\/p>\n<p>\n<strong>Diretor: <\/strong><\/p>\n<p> Scott McGehee e David Siegel                <\/p>\n<p>\n<strong>Ano: <\/strong><br \/>\n2025<\/p>\n<p>\n<strong>G\u00eanero: <\/strong><br \/>\nCom\u00e9dia\/Drama<\/p>\n<p>\n<strong>Avalia\u00e7\u00e3o: <\/strong><\/p>\n<p>8\/10<br \/>\n1<br \/>\n1<\/p>\n<p>Giancarlo Galdino<\/p>\n<p>\n\u2605\u2605\u2605\u2605\u2605\u2605\u2605\u2605\u2605\u2605<\/p>\n","protected":false},"excerpt":{"rendered":"O poder terap\u00eautico dos c\u00e3es manifesta-se de uma maneira silenciosa na vida dos seres humanos, um b\u00e1lsamo quase&hellip;\n","protected":false},"author":2,"featured_media":194512,"comment_status":"","ping_status":"","sticky":false,"template":"","format":"standard","meta":{"footnotes":""},"categories":[140],"tags":[937,114,115,147,148,146,32,33],"class_list":{"0":"post-194511","1":"post","2":"type-post","3":"status-publish","4":"format-standard","5":"has-post-thumbnail","7":"category-filmes","8":"tag-amazon-prime-video","9":"tag-entertainment","10":"tag-entretenimento","11":"tag-film","12":"tag-filmes","13":"tag-movies","14":"tag-portugal","15":"tag-pt"},"share_on_mastodon":{"url":"https:\/\/pubeurope.com\/@pt\/115745560048210664","error":""},"_links":{"self":[{"href":"https:\/\/www.europesays.com\/pt\/wp-json\/wp\/v2\/posts\/194511","targetHints":{"allow":["GET"]}}],"collection":[{"href":"https:\/\/www.europesays.com\/pt\/wp-json\/wp\/v2\/posts"}],"about":[{"href":"https:\/\/www.europesays.com\/pt\/wp-json\/wp\/v2\/types\/post"}],"author":[{"embeddable":true,"href":"https:\/\/www.europesays.com\/pt\/wp-json\/wp\/v2\/users\/2"}],"replies":[{"embeddable":true,"href":"https:\/\/www.europesays.com\/pt\/wp-json\/wp\/v2\/comments?post=194511"}],"version-history":[{"count":0,"href":"https:\/\/www.europesays.com\/pt\/wp-json\/wp\/v2\/posts\/194511\/revisions"}],"wp:featuredmedia":[{"embeddable":true,"href":"https:\/\/www.europesays.com\/pt\/wp-json\/wp\/v2\/media\/194512"}],"wp:attachment":[{"href":"https:\/\/www.europesays.com\/pt\/wp-json\/wp\/v2\/media?parent=194511"}],"wp:term":[{"taxonomy":"category","embeddable":true,"href":"https:\/\/www.europesays.com\/pt\/wp-json\/wp\/v2\/categories?post=194511"},{"taxonomy":"post_tag","embeddable":true,"href":"https:\/\/www.europesays.com\/pt\/wp-json\/wp\/v2\/tags?post=194511"}],"curies":[{"name":"wp","href":"https:\/\/api.w.org\/{rel}","templated":true}]}}