{"id":194521,"date":"2025-12-19T09:43:14","date_gmt":"2025-12-19T09:43:14","guid":{"rendered":"https:\/\/www.europesays.com\/pt\/194521\/"},"modified":"2025-12-19T09:43:14","modified_gmt":"2025-12-19T09:43:14","slug":"chuva-frio-e-muita-neve-observador","status":"publish","type":"post","link":"https:\/\/www.europesays.com\/pt\/194521\/","title":{"rendered":"chuva, frio e muita neve \u2013 Observador"},"content":{"rendered":"<p>Duas frentes frias, uma j\u00e1 esta sexta-feira e outra domingo. Uma massa de ar polar, que deixar\u00e1 muita neve a partir do fim de semana em toda a zona norte do pa\u00eds. E depois uma grande possibilidade de Portugal ser atingido pela temida \u201cbesta de leste\u201d, a massa de ar \u00e1rtico da Sib\u00e9ria, seca e gelada, logo ap\u00f3s o Natal, com um frio seco e vento, que se pode prolongar at\u00e9 ao fim de semana antes do Ano Novo. S\u00e3o estas as previs\u00f5es meteorol\u00f3gicas para os pr\u00f3ximos dias, certas aquelas que v\u00e3o at\u00e9 ao Natal, ainda com alguma margem de d\u00favida as mais long\u00ednquas: <strong>mas n\u00e3o h\u00e1 d\u00favidas que vai chover, e muito, esta sexta-feira e domingo, vai nevar, e muito, no domingo, segunda e ter\u00e7a-feira, e que a partir de quinta-feira o frio pode ainda ser mais intenso.<\/strong><\/p>\n<blockquote class=\"twitter-tweet\" data-width=\"500\" data-dnt=\"true\">\n<p lang=\"pt\" dir=\"ltr\">Aten\u00e7\u00e3o aos Avisos Meteorol\u00f3gicos para Portugal Continental:<br \/>Agita\u00e7\u00e3o Mar\u00edtima \u2013 Amarelo [ 18 Dez 12:00 \u2013 19 Dez 09:00 ]<br \/>Ondas de noroeste com 4 a 5 metros.<a href=\"https:\/\/t.co\/hfv28QDh63\" rel=\"nofollow\">https:\/\/t.co\/hfv28QDh63<\/a><br \/>Neve \u2013 Amarelo [ 19 Dez 03:00 \u2013 19 Dez 12:00 ]<a href=\"https:\/\/t.co\/OV7h5Q7Xxj\" rel=\"nofollow\">https:\/\/t.co\/OV7h5Q7Xxj<\/a><a href=\"https:\/\/twitter.com\/hashtag\/avisosipma?src=hash&amp;ref_src=twsrc%5Etfw\" rel=\"nofollow noopener\" target=\"_blank\">#avisosipma<\/a> <a href=\"https:\/\/t.co\/vueBJ7ulzQ\" rel=\"nofollow\">pic.twitter.com\/vueBJ7ulzQ<\/a><\/p>\n<p>\u2014 IPMA (@ipma_pt) <a href=\"https:\/\/twitter.com\/ipma_pt\/status\/2001600686346125697?ref_src=twsrc%5Etfw\" rel=\"nofollow noopener\" target=\"_blank\">December 18, 2025<\/a><\/p>\n<\/blockquote>\n<p>Come\u00e7ando pelo princ\u00edpio, a primeira frente fria atinge Portugal j\u00e1 a partir da madrugada desta sexta-feira. Trata-se de uma \u201cvasta regi\u00e3o depression\u00e1ria que est\u00e1 localizada entre a Isl\u00e2ndia e a Pen\u00ednsula Ib\u00e9rica\u201d, como explicou em comunicado, o Instituto Portugu\u00eas do Mar e da Atmosfera, que trar\u00e1 chuva por vezes forte, que come\u00e7ar\u00e1 do litoral oeste para o interior e que ficar\u00e1 menos intensa ao final da tarde. A\u00a0partir da manh\u00e3 de s\u00e1bado preveem-se ainda per\u00edodos de chuva no litoral Norte e Centro, que se estender\u00e3o \u00e0s restantes regi\u00f5es do pa\u00eds ao longo do dia, mas apenas em regime de aguaceiros.<\/p>\n<blockquote class=\"twitter-tweet\" data-width=\"500\" data-dnt=\"true\">\n<p lang=\"pt\" dir=\"ltr\">????\ufe0f O <a href=\"https:\/\/twitter.com\/hashtag\/tempo?src=hash&amp;ref_src=twsrc%5Etfw\" rel=\"nofollow noopener\" target=\"_blank\">#tempo<\/a> vai mudar no Porto e em Lisboa: em qual destas cidades chover\u00e1 mais entre hoje e domingo? Esperam-se at\u00e9 55 mm.<\/p>\n<p>????\ufe0f Confira a previs\u00e3o por Joana Campos: <a href=\"https:\/\/t.co\/ognNDBY9GK\" rel=\"nofollow\">https:\/\/t.co\/ognNDBY9GK<\/a> <a href=\"https:\/\/t.co\/yveOABivtC\" rel=\"nofollow\">pic.twitter.com\/yveOABivtC<\/a><\/p>\n<p>\u2014 Meteored Portugal (@MeteoredPT) <a href=\"https:\/\/twitter.com\/MeteoredPT\/status\/2001696729255604468?ref_src=twsrc%5Etfw\" rel=\"nofollow noopener\" target=\"_blank\">December 18, 2025<\/a><\/p>\n<\/blockquote>\n<p>Os aguaceiros ir\u00e3o manter-se no dia 21 e poder\u00e3o ser de granizo nas regi\u00f5es Norte e Centro. Isto porque j\u00e1 estaremos perante a passagem de outra frente frontal fria vinda da mesma zona depression\u00e1ria. Ser\u00e1 ela tamb\u00e9m a respons\u00e1vel por transportar a massa de ar polar mar\u00edtima que chega a partir da tarde de s\u00e1bado e que vai deixar toda a zona norte e centro do pa\u00eds carregada de neve. Pronta para receber oficialmente o inverno, que este ano come\u00e7a \u00e0s 15h03 deste de domingo.<\/p>\n<p>Esta massa de ar polar mar\u00edtima provocar\u00e1 a queda de neve a cotas mais baixas e tamb\u00e9m uma descida ainda mais acentuada das temperaturas m\u00ednimas, que ficar\u00e3o pr\u00f3ximas ou inferiores a 0\u00baC no interior Norte e Centro. A neve deve come\u00e7ar a cair logo no s\u00e1bado acima dos 1400\/1600 metros de altitude (na Serra da Estrela), prevendo-se que baixe para cotas muito inferiores ao fim do dia, 800\/1000 metros, estendendo-se assim a Tr\u00e1s-os-Montes, Viana do Castelo, Bragan\u00e7a, Guarda e Viseu, podendo ainda chegar \u00e0 Covilh\u00e3 e a Portalegre no domingo, quando a cota se mantiver baixa, podendo descer pontualmente aos 600 metros.<\/p>\n<blockquote class=\"twitter-tweet\" data-width=\"500\" data-dnt=\"true\">\n<p lang=\"pt\" dir=\"ltr\">????\ufe0f\u2744\ufe0f \u00daltimas novidades sobre o <a href=\"https:\/\/twitter.com\/hashtag\/nev%C3%A3o?src=hash&amp;ref_src=twsrc%5Etfw\" rel=\"nofollow noopener\" target=\"_blank\">#nev\u00e3o<\/a> de domingo em Portugal: os nossos mapas preveem neve nestas 6 regi\u00f5es.<\/p>\n<p>????\ufe0f Confira a previs\u00e3o por Marta Godinho: <a href=\"https:\/\/t.co\/0FgCs21NOf\" rel=\"nofollow\">https:\/\/t.co\/0FgCs21NOf<\/a> <a href=\"https:\/\/t.co\/SFNpXRK0EH\" rel=\"nofollow\">pic.twitter.com\/SFNpXRK0EH<\/a><\/p>\n<p>\u2014 Meteored Portugal (@MeteoredPT) <a href=\"https:\/\/twitter.com\/MeteoredPT\/status\/2001670222277685382?ref_src=twsrc%5Etfw\" rel=\"nofollow noopener\" target=\"_blank\">December 18, 2025<\/a><\/p>\n<\/blockquote>\n<p>\u201cA acumula\u00e7\u00e3o de neve pode atingir valores entre 5 e 15 cm em v\u00e1rias serras das regi\u00f5es Norte e Centro, podendo superar os 20 a 30 cm nos pontos mais elevados das serras, por exemplo da Serra da Estrela, Ger\u00eas, Larouco, Alv\u00e3o\/Mar\u00e3o e Montemuro\u201d, destacou o IPMA.<\/p>\n<p>As temperaturas m\u00ednimas mais altas ser\u00e3o registados no litoral das regi\u00f5es Centro e Sul, da ordem dos 10 a 12\u00b0C. J\u00e1 as temperaturas m\u00e1ximas dever\u00e3o variar entre 10 a 16\u00b0C, sendo inferiores a 10\u00b0C no interior Norte e Centro. \u201cHaver\u00e1 condi\u00e7\u00f5es favor\u00e1veis \u00e0 forma\u00e7\u00e3o de gelo nas estradas das regi\u00f5es mais elevadas do Norte e Centro\u201d, adiantou ainda o IPMA.<\/p>\n<p>Para j\u00e1 h\u00e1 alertas amarelos para chuva forte esta sexta-feira em Set\u00fabal, Lisboa, Leiria e Coimbra; alertas amarelos para neve em Castelo Branco, Guarda e Viseu; e ainda alertas amarelos (a sul) e laranjas (a norte)\u00a0para a forte agita\u00e7\u00e3o mar\u00edtima que se ir\u00e1 fazer sentir na costa ocidental, com ondas de noroeste entre os 4 e os 6 metros. O vento soprar\u00e1 fraco a moderado, por vezes forte (at\u00e9 40 km\/h) na faixa costeira ocidental e nas terras altas.<\/p>\n<p>Para s\u00e1bado, mant\u00eam-se os alertas de agita\u00e7\u00e3o mar\u00edtima, a que se juntam os de neve para Castelo Branco, Guarda, Bragan\u00e7a, Vila Real, Porto, Braga e Viana do Castelo, que devem ser ainda mais alargados no domingo.<\/p>\n<p>E depois? Segundo o modelo europeu, o mais usado, h\u00e1 um bloqueio de altas press\u00f5es na zona que vai da Isl\u00e2ndia a toda a escandin\u00e1via que faz com que as massas de ar frio continental que v\u00eam da zona da Sib\u00e9ria des\u00e7am at\u00e9 latitudes muitos baixas. E possam chegar \u00e0 Pen\u00ednsula Ib\u00e9rica. <strong>Chamam-lhe o \u201ccomboio siberiano\u201d ou \u201ca besta de leste\u201d.<\/strong> E neste momento tudo aponta para que a partir de quinta-feira, dia 25, dia de Natal, uma l\u00edngua dessa \u201cbesta\u201d chegue c\u00e1. O frio, ao contr\u00e1rio do das massas de ar polar mar\u00edtimo, \u00e9 seco, daquele que, com o vento, parece entranhar-se.<\/p>\n<blockquote class=\"twitter-tweet\" data-width=\"500\" data-dnt=\"true\">\n<p lang=\"pt\" dir=\"ltr\">????\ufe0f O <a href=\"https:\/\/twitter.com\/hashtag\/tempo?src=hash&amp;ref_src=twsrc%5Etfw\" rel=\"nofollow noopener\" target=\"_blank\">#tempo<\/a> vai mudar no Porto e em Lisboa: em qual destas cidades chover\u00e1 mais entre hoje e domingo? Esperam-se at\u00e9 55 mm.<\/p>\n<p>????\ufe0f Confira a previs\u00e3o por Joana Campos: <a href=\"https:\/\/t.co\/ognNDBY9GK\" rel=\"nofollow\">https:\/\/t.co\/ognNDBY9GK<\/a> <a href=\"https:\/\/t.co\/yveOABivtC\" rel=\"nofollow\">pic.twitter.com\/yveOABivtC<\/a><\/p>\n<p>\u2014 Meteored Portugal (@MeteoredPT) <a href=\"https:\/\/twitter.com\/MeteoredPT\/status\/2001696729255604468?ref_src=twsrc%5Etfw\" rel=\"nofollow noopener\" target=\"_blank\">December 18, 2025<\/a><\/p>\n<\/blockquote>\n<p>Sendo continental, a massa de ar n\u00e3o traz chuva, portanto n\u00e3o dever\u00e1 nevar, a n\u00e3o ser que se cruze com alguma frente depression\u00e1ria ao mesmo tempo. Mas as temperaturas ainda v\u00e3o descer mais<\/p>\n<p>            <script async src=\"https:\/\/platform.twitter.com\/widgets.js\" charset=\"utf-8\"><\/script><\/p>\n","protected":false},"excerpt":{"rendered":"Duas frentes frias, uma j\u00e1 esta sexta-feira e outra domingo. Uma massa de ar polar, que deixar\u00e1 muita&hellip;\n","protected":false},"author":2,"featured_media":194522,"comment_status":"","ping_status":"","sticky":false,"template":"","format":"standard","meta":{"footnotes":""},"categories":[10],"tags":[27,28,442,15,16,14,25,26,21,22,606,12,13,19,20,32,23,24,33,17,18,29,30,31],"class_list":{"0":"post-194521","1":"post","2":"type-post","3":"status-publish","4":"format-standard","5":"has-post-thumbnail","7":"category-portugal","8":"tag-breaking-news","9":"tag-breakingnews","10":"tag-ciu00eancia","11":"tag-featured-news","12":"tag-featurednews","13":"tag-headlines","14":"tag-latest-news","15":"tag-latestnews","16":"tag-main-news","17":"tag-mainnews","18":"tag-meteorologia","19":"tag-news","20":"tag-noticias","21":"tag-noticias-principais","22":"tag-noticiasprincipais","23":"tag-portugal","24":"tag-principais-noticias","25":"tag-principaisnoticias","26":"tag-pt","27":"tag-top-stories","28":"tag-topstories","29":"tag-ultimas","30":"tag-ultimas-noticias","31":"tag-ultimasnoticias"},"share_on_mastodon":{"url":"https:\/\/pubeurope.com\/@pt\/115745587409656133","error":""},"_links":{"self":[{"href":"https:\/\/www.europesays.com\/pt\/wp-json\/wp\/v2\/posts\/194521","targetHints":{"allow":["GET"]}}],"collection":[{"href":"https:\/\/www.europesays.com\/pt\/wp-json\/wp\/v2\/posts"}],"about":[{"href":"https:\/\/www.europesays.com\/pt\/wp-json\/wp\/v2\/types\/post"}],"author":[{"embeddable":true,"href":"https:\/\/www.europesays.com\/pt\/wp-json\/wp\/v2\/users\/2"}],"replies":[{"embeddable":true,"href":"https:\/\/www.europesays.com\/pt\/wp-json\/wp\/v2\/comments?post=194521"}],"version-history":[{"count":0,"href":"https:\/\/www.europesays.com\/pt\/wp-json\/wp\/v2\/posts\/194521\/revisions"}],"wp:featuredmedia":[{"embeddable":true,"href":"https:\/\/www.europesays.com\/pt\/wp-json\/wp\/v2\/media\/194522"}],"wp:attachment":[{"href":"https:\/\/www.europesays.com\/pt\/wp-json\/wp\/v2\/media?parent=194521"}],"wp:term":[{"taxonomy":"category","embeddable":true,"href":"https:\/\/www.europesays.com\/pt\/wp-json\/wp\/v2\/categories?post=194521"},{"taxonomy":"post_tag","embeddable":true,"href":"https:\/\/www.europesays.com\/pt\/wp-json\/wp\/v2\/tags?post=194521"}],"curies":[{"name":"wp","href":"https:\/\/api.w.org\/{rel}","templated":true}]}}