{"id":194526,"date":"2025-12-19T09:51:14","date_gmt":"2025-12-19T09:51:14","guid":{"rendered":"https:\/\/www.europesays.com\/pt\/194526\/"},"modified":"2025-12-19T09:51:14","modified_gmt":"2025-12-19T09:51:14","slug":"e-dever-de-todos-zelar-pela-seguranca-e-pelo-futuro-da-instituicao","status":"publish","type":"post","link":"https:\/\/www.europesays.com\/pt\/194526\/","title":{"rendered":"\u00ab\u00c9 dever de todos zelar pela seguran\u00e7a e pelo futuro da institui\u00e7\u00e3o\u00bb"},"content":{"rendered":"<p>&#8211; Advertisement &#8211;<\/p>\n<p><strong>O Sporting n\u00e3o poder\u00e1 vender bilhetes para o embate diante do Athletic. Le\u00f5es j\u00e1 reagiram \u00e0 proibi\u00e7\u00e3o em comunicado.<\/strong><\/p>\n<p>O arremesso de objetos e o uso de artefactos pirot\u00e9cnicos no\u00a0<a href=\"https:\/\/bolanarede.pt\/nacional\/sporting\/quando-a-coragem-se-sobrepoe-ao-impossivel-bayern-munique-3-1-sporting\/\" target=\"_blank\" rel=\"noreferrer noopener nofollow\">embate contra o Bayern Munique da \u00faltima jornada da Champions League<\/a>, vit\u00f3ria alem\u00e3 por 1-0, levou a UEFA a punir os le\u00f5es com uma desloca\u00e7\u00e3o sem adeptos da casa, atrav\u00e9s da proibi\u00e7\u00e3o da venda de bilhetes.<\/p>\n<p>A <a href=\"https:\/\/bolanarede.pt\/especial-bola-na-rede\/atualidade\/pirotecnia-em-munique-leva-a-penalizacao-e-sporting-nao-podera-vender-bilhetes-para-o-jogo-contra-o-athletic-na-champions-league\/\" target=\"_blank\" rel=\"noreferrer noopener nofollow\">penaliza\u00e7\u00e3o ser\u00e1 cumprida pelo Sporting<\/a> na desloca\u00e7\u00e3o a Bilbao, para o jogo diante do Athletic da \u00faltima jornada da fase de liga da prova, agendado para o dia 28 de janeiro. <\/p>\n<p>Em comunicado, os le\u00f5es reagiram e apelaram \u00e0 responsabilidade dos adeptos, reiterando o risco de uma nova multa e penaliza\u00e7\u00e3o. Podes ler a comunica\u00e7\u00e3o oficial dos le\u00f5es na \u00edntegra em baixo. <\/p>\n<p><strong>Eis o comunicado do Sporting: <\/strong><\/p>\n<p>\u00abO Sporting Clube de Portugal informa que, na sequ\u00eancia dos incidentes verificados no \u00faltimo jogo da UEFA Champions League, foi notificado pela UEFA sobre a execu\u00e7\u00e3o da san\u00e7\u00e3o aplicada em 17 de Dezembro de 2024, proibindo o Clube de proceder \u00e0 venda de bilhetes para o jogo da oitava jornada da fase de liga da UEFA Champions League frente ao Athletic Club, no Est\u00e1dio de San Mam\u00e9s.<\/p>\n<p>Adicionalmente, a UEFA aplicou ao Clube nova san\u00e7\u00e3o de proibi\u00e7\u00e3o de venda de bilhetes aos seus adeptos para o jogo seguinte da UEFA Champions League disputado na qualidade de visitante, cuja execu\u00e7\u00e3o se encontrar\u00e1 provisoriamente suspensa pelo per\u00edodo de dois anos sob a condi\u00e7\u00e3o de n\u00e3o se verificarem incidentes da mesma natureza nos pr\u00f3ximos jogos da competi\u00e7\u00e3o.<\/p>\n<p>O Sporting CP reitera o apelo ao comportamento respons\u00e1vel, refor\u00e7ando que um novo incumprimento poder\u00e1 ter repercuss\u00f5es financeiras e disciplinares ainda mais significativas para o Clube.<\/p>\n<p>As ac\u00e7\u00f5es individuais t\u00eam, inevitavelmente, repercuss\u00f5es para todos. Somos todos Sporting CP e \u00e9 dever de todos zelar pela seguran\u00e7a e pelo futuro da institui\u00e7\u00e3o\u00bb. <\/p>\n","protected":false},"excerpt":{"rendered":"&#8211; Advertisement &#8211; O Sporting n\u00e3o poder\u00e1 vender bilhetes para o embate diante do Athletic. Le\u00f5es j\u00e1 reagiram&hellip;\n","protected":false},"author":2,"featured_media":194527,"comment_status":"","ping_status":"","sticky":false,"template":"","format":"standard","meta":{"footnotes":""},"categories":[87],"tags":[7758,260,1230,135,32,33,34,134],"class_list":{"0":"post-194526","1":"post","2":"type-post","3":"status-publish","4":"format-standard","5":"has-post-thumbnail","7":"category-desporto","8":"tag-athletic","9":"tag-atualidade","10":"tag-champions-league","11":"tag-desporto","12":"tag-portugal","13":"tag-pt","14":"tag-sporting","15":"tag-sports"},"share_on_mastodon":{"url":"https:\/\/pubeurope.com\/@pt\/115745618892219082","error":""},"_links":{"self":[{"href":"https:\/\/www.europesays.com\/pt\/wp-json\/wp\/v2\/posts\/194526","targetHints":{"allow":["GET"]}}],"collection":[{"href":"https:\/\/www.europesays.com\/pt\/wp-json\/wp\/v2\/posts"}],"about":[{"href":"https:\/\/www.europesays.com\/pt\/wp-json\/wp\/v2\/types\/post"}],"author":[{"embeddable":true,"href":"https:\/\/www.europesays.com\/pt\/wp-json\/wp\/v2\/users\/2"}],"replies":[{"embeddable":true,"href":"https:\/\/www.europesays.com\/pt\/wp-json\/wp\/v2\/comments?post=194526"}],"version-history":[{"count":0,"href":"https:\/\/www.europesays.com\/pt\/wp-json\/wp\/v2\/posts\/194526\/revisions"}],"wp:featuredmedia":[{"embeddable":true,"href":"https:\/\/www.europesays.com\/pt\/wp-json\/wp\/v2\/media\/194527"}],"wp:attachment":[{"href":"https:\/\/www.europesays.com\/pt\/wp-json\/wp\/v2\/media?parent=194526"}],"wp:term":[{"taxonomy":"category","embeddable":true,"href":"https:\/\/www.europesays.com\/pt\/wp-json\/wp\/v2\/categories?post=194526"},{"taxonomy":"post_tag","embeddable":true,"href":"https:\/\/www.europesays.com\/pt\/wp-json\/wp\/v2\/tags?post=194526"}],"curies":[{"name":"wp","href":"https:\/\/api.w.org\/{rel}","templated":true}]}}