{"id":194548,"date":"2025-12-19T10:17:18","date_gmt":"2025-12-19T10:17:18","guid":{"rendered":"https:\/\/www.europesays.com\/pt\/194548\/"},"modified":"2025-12-19T10:17:18","modified_gmt":"2025-12-19T10:17:18","slug":"aprovados-projetos-para-desbloquear-juntas-medicas-e-apoiar-alunos-do-superior-com-deficiencia","status":"publish","type":"post","link":"https:\/\/www.europesays.com\/pt\/194548\/","title":{"rendered":"Aprovados projetos para desbloquear juntas m\u00e9dicas e apoiar alunos do Superior com defici\u00eancia"},"content":{"rendered":"<p>Os partidos do Governo chumbaram, esta quinta-feira, a esmagadora maioria das propostas sobre pessoas com defici\u00eancia. Dos 18 projetos de lei, s\u00f3 passaram tr\u00eas. Mesmo contra a vontade do PSD, foi aprovada a iniciativa do PS que estabelece o regime jur\u00eddico dos estudantes com necessidades educativas espec\u00edficas no Ensino Superior, bem como o projeto do Chega para a inclus\u00e3o destes alunos. Do mesmo modo, o PS conseguiu que fosse viabilizado o processo extraordin\u00e1rio de recupera\u00e7\u00e3o das juntas m\u00e9dicas de avalia\u00e7\u00e3o de incapacidade.<\/p>\n","protected":false},"excerpt":{"rendered":"Os partidos do Governo chumbaram, esta quinta-feira, a esmagadora maioria das propostas sobre pessoas com defici\u00eancia. Dos 18&hellip;\n","protected":false},"author":2,"featured_media":194549,"comment_status":"","ping_status":"","sticky":false,"template":"","format":"standard","meta":{"footnotes":""},"categories":[10],"tags":[27,28,916,15,16,14,25,26,21,22,619,12,13,19,20,4532,32,23,24,455,33,17,18,29,30,31],"class_list":{"0":"post-194548","1":"post","2":"type-post","3":"status-publish","4":"format-standard","5":"has-post-thumbnail","7":"category-portugal","8":"tag-breaking-news","9":"tag-breakingnews","10":"tag-deficiencia","11":"tag-featured-news","12":"tag-featurednews","13":"tag-headlines","14":"tag-latest-news","15":"tag-latestnews","16":"tag-main-news","17":"tag-mainnews","18":"tag-nacional","19":"tag-news","20":"tag-noticias","21":"tag-noticias-principais","22":"tag-noticiasprincipais","23":"tag-parlamento","24":"tag-portugal","25":"tag-principais-noticias","26":"tag-principaisnoticias","27":"tag-ps","28":"tag-pt","29":"tag-top-stories","30":"tag-topstories","31":"tag-ultimas","32":"tag-ultimas-noticias","33":"tag-ultimasnoticias"},"share_on_mastodon":{"url":"https:\/\/pubeurope.com\/@pt\/115745721136515500","error":""},"_links":{"self":[{"href":"https:\/\/www.europesays.com\/pt\/wp-json\/wp\/v2\/posts\/194548","targetHints":{"allow":["GET"]}}],"collection":[{"href":"https:\/\/www.europesays.com\/pt\/wp-json\/wp\/v2\/posts"}],"about":[{"href":"https:\/\/www.europesays.com\/pt\/wp-json\/wp\/v2\/types\/post"}],"author":[{"embeddable":true,"href":"https:\/\/www.europesays.com\/pt\/wp-json\/wp\/v2\/users\/2"}],"replies":[{"embeddable":true,"href":"https:\/\/www.europesays.com\/pt\/wp-json\/wp\/v2\/comments?post=194548"}],"version-history":[{"count":0,"href":"https:\/\/www.europesays.com\/pt\/wp-json\/wp\/v2\/posts\/194548\/revisions"}],"wp:featuredmedia":[{"embeddable":true,"href":"https:\/\/www.europesays.com\/pt\/wp-json\/wp\/v2\/media\/194549"}],"wp:attachment":[{"href":"https:\/\/www.europesays.com\/pt\/wp-json\/wp\/v2\/media?parent=194548"}],"wp:term":[{"taxonomy":"category","embeddable":true,"href":"https:\/\/www.europesays.com\/pt\/wp-json\/wp\/v2\/categories?post=194548"},{"taxonomy":"post_tag","embeddable":true,"href":"https:\/\/www.europesays.com\/pt\/wp-json\/wp\/v2\/tags?post=194548"}],"curies":[{"name":"wp","href":"https:\/\/api.w.org\/{rel}","templated":true}]}}