{"id":194560,"date":"2025-12-19T10:28:16","date_gmt":"2025-12-19T10:28:16","guid":{"rendered":"https:\/\/www.europesays.com\/pt\/194560\/"},"modified":"2025-12-19T10:28:16","modified_gmt":"2025-12-19T10:28:16","slug":"o-legado-de-buck-rogers-em-portugal","status":"publish","type":"post","link":"https:\/\/www.europesays.com\/pt\/194560\/","title":{"rendered":"O Legado de Buck Rogers em Portugal"},"content":{"rendered":"<p>O mundo da fic\u00e7\u00e3o cient\u00edfica est\u00e1 de luto com o desaparecimento de Gil Gerard, o ator que deu vida ao capit\u00e3o William &#8220;Buck&#8221; Rogers. O int\u00e9rprete da famosa personagem morreu na ter\u00e7a-feira, 16 de dezembro, num hospital no Texas, rodeado pela fam\u00edlia, deixando um legado insepar\u00e1vel da cultura pop da transi\u00e7\u00e3o da d\u00e9cada de 70 para os anos 80.<\/p>\n<p>A s\u00e9rie, baseada na personagem de banda desenhada criada em 1928, apresentava Gerard como um astronauta da NASA que, ap\u00f3s um acidente espacial em 1987, ficava congelado durante 504 anos, despertando no s\u00e9culo XXV. Em Portugal, a estreia na RTP em setembro de 1980 transformou Gerard num her\u00f3i para uma gera\u00e7\u00e3o, que acompanhava semanalmente as suas aventuras para proteger a Terra de amea\u00e7as intergal\u00e1cticas.<\/p>\n","protected":false},"excerpt":{"rendered":"O mundo da fic\u00e7\u00e3o cient\u00edfica est\u00e1 de luto com o desaparecimento de Gil Gerard, o ator que deu&hellip;\n","protected":false},"author":2,"featured_media":194561,"comment_status":"","ping_status":"","sticky":false,"template":"","format":"standard","meta":{"footnotes":""},"categories":[85],"tags":[114,115,413,12117,2409,32,33,218],"class_list":{"0":"post-194560","1":"post","2":"type-post","3":"status-publish","4":"format-standard","5":"has-post-thumbnail","7":"category-entretenimento","8":"tag-entertainment","9":"tag-entretenimento","10":"tag-eua","11":"tag-ficcao-cientifica","12":"tag-obito","13":"tag-portugal","14":"tag-pt","15":"tag-televisao"},"share_on_mastodon":{"url":"https:\/\/pubeurope.com\/@pt\/115745764565917096","error":""},"_links":{"self":[{"href":"https:\/\/www.europesays.com\/pt\/wp-json\/wp\/v2\/posts\/194560","targetHints":{"allow":["GET"]}}],"collection":[{"href":"https:\/\/www.europesays.com\/pt\/wp-json\/wp\/v2\/posts"}],"about":[{"href":"https:\/\/www.europesays.com\/pt\/wp-json\/wp\/v2\/types\/post"}],"author":[{"embeddable":true,"href":"https:\/\/www.europesays.com\/pt\/wp-json\/wp\/v2\/users\/2"}],"replies":[{"embeddable":true,"href":"https:\/\/www.europesays.com\/pt\/wp-json\/wp\/v2\/comments?post=194560"}],"version-history":[{"count":0,"href":"https:\/\/www.europesays.com\/pt\/wp-json\/wp\/v2\/posts\/194560\/revisions"}],"wp:featuredmedia":[{"embeddable":true,"href":"https:\/\/www.europesays.com\/pt\/wp-json\/wp\/v2\/media\/194561"}],"wp:attachment":[{"href":"https:\/\/www.europesays.com\/pt\/wp-json\/wp\/v2\/media?parent=194560"}],"wp:term":[{"taxonomy":"category","embeddable":true,"href":"https:\/\/www.europesays.com\/pt\/wp-json\/wp\/v2\/categories?post=194560"},{"taxonomy":"post_tag","embeddable":true,"href":"https:\/\/www.europesays.com\/pt\/wp-json\/wp\/v2\/tags?post=194560"}],"curies":[{"name":"wp","href":"https:\/\/api.w.org\/{rel}","templated":true}]}}