{"id":194562,"date":"2025-12-19T10:29:23","date_gmt":"2025-12-19T10:29:23","guid":{"rendered":"https:\/\/www.europesays.com\/pt\/194562\/"},"modified":"2025-12-19T10:29:23","modified_gmt":"2025-12-19T10:29:23","slug":"arqueologos-descobrem-novo-afresco-e-salas-em-pompeia-18-12-2025-ciencia","status":"publish","type":"post","link":"https:\/\/www.europesays.com\/pt\/194562\/","title":{"rendered":"Arque\u00f3logos descobrem novo afresco e salas em Pompeia &#8211; 18\/12\/2025 &#8211; Ci\u00eancia"},"content":{"rendered":"<p>Novas salas e um afresco foram encontrados na <a href=\"https:\/\/www1.folha.uol.com.br\/ciencia\/2025\/08\/novas-evidencias-sugerem-que-pompeia-foi-reocupada-apos-erupcao-do-vesuvio.shtml\" rel=\"nofollow noopener\" target=\"\">antiga cidade romana<\/a> de <a href=\"https:\/\/www1.folha.uol.com.br\/ciencia\/2025\/12\/cientistas-descobrem-em-pompeia-segredos-do-concreto-romano.shtml\" rel=\"nofollow noopener\" target=\"\">Pompeia<\/a>, anunciou o parque arqueol\u00f3gico nesta quinta-feira (18).<\/p>\n<p>As descobertas ocorreram na Villa Poppaea em Oplontis, uma grande resid\u00eancia datada de meados do 1\u00ba a.C. que pode ter pertencido a Popeia Sabina, a segunda esposa do Imperador Nero, ou \u00e0 fam\u00edlia dela.<\/p>\n<p>O afresco achado estava quase completo e retrata uma ave, faltando apenas a cabe\u00e7a. Tamb\u00e9m havia fragmentos de uma m\u00e1scara de com\u00e9dia teatral.<\/p>\n<p>As escava\u00e7\u00f5es revelaram ainda a marca de \u00e1rvores no jardim da vila, deixada por moldes de lava, e quatro c\u00f4modos, somando-se aos 99 j\u00e1 escavados.<\/p>\n<p>O diretor do parque, Gabriel Zuchtriegel, afirmou que as descobertas &#8220;oferecem perspectivas promissoras de novas pesquisas para compreender a disposi\u00e7\u00e3o da vila e estudar as intera\u00e7\u00f5es de longo prazo entre os humanos e o ambiente natural.&#8221;<\/p>\n<p>A outrora pr\u00f3spera cidade de Pompeia, perto de N\u00e1poles, e seus arredores foram destru\u00eddos pela <a href=\"https:\/\/www1.folha.uol.com.br\/ciencia\/2025\/03\/novas-pesquisas-alimentam-debate-sobre-inicio-da-tragedia-em-pompeia.shtml\" rel=\"nofollow noopener\" target=\"\">erup\u00e7\u00e3o do Monte Ves\u00favio em 79 d.C.<\/a>, mas seus restos ficaram submersos por s\u00e9culos sob um espesso manto de cinzas e lava.<\/p>\n","protected":false},"excerpt":{"rendered":"Novas salas e um afresco foram encontrados na antiga cidade romana de Pompeia, anunciou o parque arqueol\u00f3gico nesta&hellip;\n","protected":false},"author":2,"featured_media":194563,"comment_status":"","ping_status":"","sticky":false,"template":"","format":"standard","meta":{"footnotes":""},"categories":[84],"tags":[3504,109,107,108,445,236,233,5730,32,33,105,103,104,106,110],"class_list":{"0":"post-194562","1":"post","2":"type-post","3":"status-publish","4":"format-standard","5":"has-post-thumbnail","7":"category-ciencia-e-tecnologia","8":"tag-arqueologia","9":"tag-ciencia","10":"tag-ciencia-e-tecnologia","11":"tag-cienciaetecnologia","12":"tag-europa","13":"tag-folha","14":"tag-italia","15":"tag-pompeia","16":"tag-portugal","17":"tag-pt","18":"tag-science","19":"tag-science-and-technology","20":"tag-scienceandtechnology","21":"tag-technology","22":"tag-tecnologia"},"share_on_mastodon":{"url":"https:\/\/pubeurope.com\/@pt\/115745768864084765","error":""},"_links":{"self":[{"href":"https:\/\/www.europesays.com\/pt\/wp-json\/wp\/v2\/posts\/194562","targetHints":{"allow":["GET"]}}],"collection":[{"href":"https:\/\/www.europesays.com\/pt\/wp-json\/wp\/v2\/posts"}],"about":[{"href":"https:\/\/www.europesays.com\/pt\/wp-json\/wp\/v2\/types\/post"}],"author":[{"embeddable":true,"href":"https:\/\/www.europesays.com\/pt\/wp-json\/wp\/v2\/users\/2"}],"replies":[{"embeddable":true,"href":"https:\/\/www.europesays.com\/pt\/wp-json\/wp\/v2\/comments?post=194562"}],"version-history":[{"count":0,"href":"https:\/\/www.europesays.com\/pt\/wp-json\/wp\/v2\/posts\/194562\/revisions"}],"wp:featuredmedia":[{"embeddable":true,"href":"https:\/\/www.europesays.com\/pt\/wp-json\/wp\/v2\/media\/194563"}],"wp:attachment":[{"href":"https:\/\/www.europesays.com\/pt\/wp-json\/wp\/v2\/media?parent=194562"}],"wp:term":[{"taxonomy":"category","embeddable":true,"href":"https:\/\/www.europesays.com\/pt\/wp-json\/wp\/v2\/categories?post=194562"},{"taxonomy":"post_tag","embeddable":true,"href":"https:\/\/www.europesays.com\/pt\/wp-json\/wp\/v2\/tags?post=194562"}],"curies":[{"name":"wp","href":"https:\/\/api.w.org\/{rel}","templated":true}]}}