{"id":194593,"date":"2025-12-19T10:57:26","date_gmt":"2025-12-19T10:57:26","guid":{"rendered":"https:\/\/www.europesays.com\/pt\/194593\/"},"modified":"2025-12-19T10:57:26","modified_gmt":"2025-12-19T10:57:26","slug":"detalhe-em-comum-se-destaca-nos-looks-de-marina-ruy-barbosa-e-sabrina-sato","status":"publish","type":"post","link":"https:\/\/www.europesays.com\/pt\/194593\/","title":{"rendered":"Detalhe em comum se destaca nos looks de Marina Ruy Barbosa e Sabrina Sato"},"content":{"rendered":"<p>A atriz <strong>Marina Ruy Barbosa<\/strong> e a apresentadora <strong>Sabrina Sato<\/strong> marcaram presen\u00e7a em um evento de uma joalheria na noite desta quinta-feira, 18, em S\u00e3o Paulo. Para a ocasi\u00e3o, as duas apostaram em looks elegantes e com um detalhe em comum: o decote ousado.<\/p>\n<p>Marina e Sabrina apostaram em modelitos impec\u00e1veis que tinham o decote profundo em comum. As duas esbanjaram sensualidade e ousadia com o look sem suti\u00e3.<\/p>\n<p>Sabrina Sato surgiu com um conjunto de body de R$ 7,9 mil e saia preta no valor de R$ 36,3 mil da grife Yves Saint Laurent. O modelito em preto e branco destacou a boa forma dela e sua beleza deslumbrante.<\/p>\n<p> <img loading=\"lazy\" decoding=\"async\" class=\"wp-image-1046955 size-full img-fluid lazy\" alt=\"Sabrina Sato - Foto: Brazil News\" width=\"1879\" height=\"2560\" src=\"https:\/\/www.europesays.com\/pt\/wp-content\/uploads\/2025\/12\/sabrina-sato-brazil-news-2-scaled.jpeg\"  \/>Sabrina Sato \u2013 Foto: Brazil News <img loading=\"lazy\" decoding=\"async\" class=\"wp-image-1046956 size-full img-fluid lazy\" alt=\"Sabrina Sato - Foto: Brazil News\" width=\"1574\" height=\"2560\" src=\"https:\/\/www.europesays.com\/pt\/wp-content\/uploads\/2025\/12\/sabrina-sato-brazil-news-scaled.jpeg\"  \/>Sabrina Sato \u2013 Foto: Brazil News <\/p>\n<p>Por sua vez, Marina Ruy Barbosa destacou seu corpo mag\u00e9rrimo em um look ousado. Ela apostou em um vestido branco com brilho e recortes que destacaram sua beleza.<\/p>\n<p>\t <img loading=\"lazy\" decoding=\"async\" class=\"wp-image-1046953 size-full img-fluid lazy\" alt=\"Marina Ruy Barbosa - Foto: Brazil News\" width=\"1429\" height=\"2000\" src=\"https:\/\/www.europesays.com\/pt\/wp-content\/uploads\/2025\/12\/marina-ruy-barbosa-brazil-news.jpg\"  \/>Marina Ruy Barbosa \u2013 Foto: Brazil News <img loading=\"lazy\" decoding=\"async\" class=\"wp-image-1046952 size-full img-fluid lazy\" alt=\"Marina Ruy Barbosa - Foto: Brazil News\" width=\"1429\" height=\"2000\" src=\"https:\/\/www.europesays.com\/pt\/wp-content\/uploads\/2025\/12\/marina-ruy-barbosa-brazil-news-2.jpg\"  \/>Marina Ruy Barbosa \u2013 Foto: Brazil News O sucesso de Marina Ruy Barbosa na s\u00e9rie Trememb\u00e9 <\/p>\n<p>Recentemente, Marina Ruy Barbosa recebeu elogios por sua atua\u00e7\u00e3o na s\u00e9rie Trememb\u00e9, na qual interpretou Suzane von Richthofen. Durante a divulga\u00e7\u00e3o do projeto, ela contou detalhes sobre sua prepara\u00e7\u00e3o para viver uma mulher que existe na vida real e chocou o Brasil com um crime que cometeu.<\/p>\n<p>\u201cComo \u00e9 inspirada em uma pessoa real, eu precisava tamb\u00e9m me sentir o mais pr\u00f3ximo fisicamente dela. Ent\u00e3o, trabalhamos com o processo de caracteriza\u00e7\u00e3o para me ajudar nesse sentido. Mas eu n\u00e3o gosto muito de falar exatamente o que, porque eu acho que o mais legal vai ser voc\u00eas verem e sentirem uma estranheza e tentarem entender o que foi feito, sabe?\u201c, disse ela.<\/p>\n<p>E completou: \u201cNa verdade, eu acho que \u00e9 o tipo de projeto que eu estou procurando. No sentido de eu querer mostrar a versatilidade com o meu trabalho. E eu n\u00e3o sou s\u00f3 atriz, eu tamb\u00e9m estou ali como produtora associada. \u00c9 uma virada, um momento importante da minha carreira\u201c.<\/p>\n<p><strong>Leia tamb\u00e9m<\/strong>: <a href=\"https:\/\/caras.com.br\/personalidades\/patrimonio-de-marina-ruy-barbosa-saiba-de-onde-vem-a-fortuna-da-atriz.phtml\" rel=\"nofollow noopener\" target=\"_blank\">Patrim\u00f4nio de Marina Ruy Barbosa: Saiba de onde vem a fortuna da atriz<\/a><\/p>\n<p>        <a href=\"https:\/\/caras.com.br\/autor\/priscilla-comoti\" rel=\"nofollow noopener\" target=\"_blank\">&#13;<br \/>\n          <img alt=\"Priscilla Comoti\" src=\"https:\/\/www.europesays.com\/pt\/wp-content\/uploads\/2025\/12\/1766141846_17_e53883bdf02c542f6517b68879e8cb08b27a1d55c4dfd53577e47d3ab6331a06\"  class=\"avatar avatar-115 photo rounded-circle mr-3\" height=\"115\" width=\"115\" loading=\"lazy\" decoding=\"async\"\/>        <\/a><\/p>\n<p>Priscilla Comoti \u00e9 editora de conte\u00fado do site CARAS. Ela \u00e9 formada em jornalismo e em audiovisual, j\u00e1 passou pelos sites Contigo!, Minha Novela, TiTiTi, Mais Novela e Portal M\u00e1rcia Piovesan. Escreve sobre celebridades, not\u00edcias sobre a fam\u00edlia real brit\u00e2nica, TV, reality show e novelas.<\/p>\n","protected":false},"excerpt":{"rendered":"A atriz Marina Ruy Barbosa e a apresentadora Sabrina Sato marcaram presen\u00e7a em um evento de uma joalheria&hellip;\n","protected":false},"author":2,"featured_media":194594,"comment_status":"","ping_status":"","sticky":false,"template":"","format":"standard","meta":{"footnotes":""},"categories":[145],"tags":[211,210,114,115,7763,4319,10406,1079,32,33,3792],"class_list":{"0":"post-194593","1":"post","2":"type-post","3":"status-publish","4":"format-standard","5":"has-post-thumbnail","7":"category-celebridades","8":"tag-celebridades","9":"tag-celebrities","10":"tag-entertainment","11":"tag-entretenimento","12":"tag-fashion","13":"tag-look","14":"tag-marina-ruy-barbosa","15":"tag-moda","16":"tag-portugal","17":"tag-pt","18":"tag-sabrina-sato"},"share_on_mastodon":{"url":"https:\/\/pubeurope.com\/@pt\/115745879896038369","error":""},"_links":{"self":[{"href":"https:\/\/www.europesays.com\/pt\/wp-json\/wp\/v2\/posts\/194593","targetHints":{"allow":["GET"]}}],"collection":[{"href":"https:\/\/www.europesays.com\/pt\/wp-json\/wp\/v2\/posts"}],"about":[{"href":"https:\/\/www.europesays.com\/pt\/wp-json\/wp\/v2\/types\/post"}],"author":[{"embeddable":true,"href":"https:\/\/www.europesays.com\/pt\/wp-json\/wp\/v2\/users\/2"}],"replies":[{"embeddable":true,"href":"https:\/\/www.europesays.com\/pt\/wp-json\/wp\/v2\/comments?post=194593"}],"version-history":[{"count":0,"href":"https:\/\/www.europesays.com\/pt\/wp-json\/wp\/v2\/posts\/194593\/revisions"}],"wp:featuredmedia":[{"embeddable":true,"href":"https:\/\/www.europesays.com\/pt\/wp-json\/wp\/v2\/media\/194594"}],"wp:attachment":[{"href":"https:\/\/www.europesays.com\/pt\/wp-json\/wp\/v2\/media?parent=194593"}],"wp:term":[{"taxonomy":"category","embeddable":true,"href":"https:\/\/www.europesays.com\/pt\/wp-json\/wp\/v2\/categories?post=194593"},{"taxonomy":"post_tag","embeddable":true,"href":"https:\/\/www.europesays.com\/pt\/wp-json\/wp\/v2\/tags?post=194593"}],"curies":[{"name":"wp","href":"https:\/\/api.w.org\/{rel}","templated":true}]}}