{"id":194606,"date":"2025-12-19T11:10:21","date_gmt":"2025-12-19T11:10:21","guid":{"rendered":"https:\/\/www.europesays.com\/pt\/194606\/"},"modified":"2025-12-19T11:10:21","modified_gmt":"2025-12-19T11:10:21","slug":"ex-piloto-da-nascar-mulher-e-dois-filhos-morrem-em-queda-de-jato-na-carolina-do-norte","status":"publish","type":"post","link":"https:\/\/www.europesays.com\/pt\/194606\/","title":{"rendered":"Ex-piloto da NASCAR, mulher e dois filhos morrem em queda de jato na Carolina do Norte"},"content":{"rendered":"<p data-remotead-prev-elm=\"true\" data-remotead-elm-id=\"inread\">O acidente ocorreu pelas 10.20 horas locais (14.20 horas em Portugal continental) e causou sete mortos, entre os quais o ex-piloto da NASCAR Greg Biffle, de 55 anos, a sua mulher Cristina e dois filhos.<\/p>\n<blockquote class=\"twitter-tweet\">\n<p>CESSNA CITATION II CRASHES IN NORTH CAROLINA<\/p>\n<p>Cessna 550 Citation II N257BW has crashed while attempting to land at Statesville Regional Airport (SVH). The aircraft was carrying six occupants &#8211; five fatalities have been confirmed so far by local media.<\/p>\n<p>Flight tracking data shows&#8230; <a href=\"https:\/\/t.co\/xyXnGyeDne\" rel=\"nofollow\">pic.twitter.com\/xyXnGyeDne<\/a><\/p>\n<p>&#8211; Turbine Traveller (@Turbinetraveler) <a href=\"https:\/\/twitter.com\/Turbinetraveler\/status\/2001697880046760301?ref_src=twsrc%5Etfw\" rel=\"nofollow noopener\" target=\"_blank\">December 18, 2025<\/a><\/p><\/blockquote>\n<p>Em comunicado, a NASCAR manifestou estar devastada pela &#8220;tr\u00e1gica perda de Greg Biffle, sua esposa Cristina, filha Emma, filho Ryder, Craig Wadsworth e Dennis e Jack Dutton num acidente a\u00e9reo fatal&#8221;. A associa\u00e7\u00e3o automobil\u00edstica n\u00e3o deu mais informa\u00e7\u00f5es sobre os outros nomes referidos no comunicado.<\/p>\n<p data-remotead-prev-elm=\"true\" data-remotead-elm-id=\"centro1\">&#8220;Greg era mais do que um piloto campe\u00e3o, era um membro querido da comunidade NASCAR, um competidor feroz e amigo de muitos. A sua paix\u00e3o pelas corridas, a sua integridade e o seu compromisso com os f\u00e3s e colegas competidores tiveram um impacto duradouro no desporto&#8221;, salienta ainda a NASCAR.<\/p>\n<p><img decoding=\"async\" class=\"ngx-body\" guid=\"675cd044-764d-4dec-abe1-1b1d0b138131\" src=\"https:\/\/www.europesays.com\/pt\/wp-content\/uploads\/2025\/12\/1766142620_35_image.webp\" width=\"100%\"\/><br \/>Greg Biffle (Foto: X\/@JettMDK)<\/p>\n<p>&#8220;Greg foi um grande campe\u00e3o da NASCAR que emocionou milh\u00f5es de f\u00e3s. Mas ele tamb\u00e9m era uma pessoa extraordin\u00e1ria e ser\u00e1 lembrado tanto pelo seu servi\u00e7o aos outros quanto pela sua coragem nas pistas&#8221;, escreveu Richard Hudson, senador da Carolina do Norte, numa <a href=\"https:\/\/x.com\/RepRichHudson\/status\/2001728457395572847\" target=\"_blank\" rel=\"nofollow\">mensagem na plataforma X<\/a>.<\/p>\n<p data-remotead-prev-elm=\"true\" data-remotead-elm-id=\"centro2\">Garrett Mitchell, piloto de corridas e youtuber, revelou que Greg e a sua fam\u00edlia tinham embarcado no Cessna C550 para &#8220;passar a tarde&#8221; com ele. &#8220;Estamos devastados&#8221;, escreveu Mitchell numa publica\u00e7\u00e3o no Facebook.<\/p>\n<p>Em comunicado divulgado nas redes sociais, o aeroporto confirmou a ocorr\u00eancia de um acidente a\u00e9reo e informou que a Administra\u00e7\u00e3o Federal da Avia\u00e7\u00e3o (FAA, na sigla inglesa) foi chamada ao local para investigar as causas do acidente.<\/p>\n<p data-remotead-prev-elm=\"true\" data-remotead-elm-id=\"centro3\">No comunicado, o diretor do aeroporto, John Ferguson, afirmou que a pista permanecer\u00e1 encerrada at\u00e9 novo aviso. &#8220;Ser\u00e1 necess\u00e1rio algum tempo para remover os destro\u00e7os da pista e garantir que volte a estar segura&#8221;, sublinhou.<\/p>\n<p>A pista \u00e9 frequentemente utilizada por equipas de automobilismo NASCAR e grandes empresas localizadas na regi\u00e3o.<\/p>\n<p><script async src=\"https:\/\/platform.twitter.com\/widgets.js\" charset=\"utf-8\"><\/script><\/p>\n","protected":false},"excerpt":{"rendered":"O acidente ocorreu pelas 10.20 horas locais (14.20 horas em Portugal continental) e causou sete mortos, entre os&hellip;\n","protected":false},"author":2,"featured_media":194607,"comment_status":"","ping_status":"","sticky":false,"template":"","format":"standard","meta":{"footnotes":""},"categories":[50],"tags":[59,1310,27,28,413,15,16,14,25,26,21,22,62,12,13,19,20,23,24,17,18,29,30,31,63,64,65],"class_list":{"0":"post-194606","1":"post","2":"type-post","3":"status-publish","4":"format-standard","5":"has-post-thumbnail","7":"category-mundo","8":"tag-acidente","9":"tag-aviacao","10":"tag-breaking-news","11":"tag-breakingnews","12":"tag-eua","13":"tag-featured-news","14":"tag-featurednews","15":"tag-headlines","16":"tag-latest-news","17":"tag-latestnews","18":"tag-main-news","19":"tag-mainnews","20":"tag-mundo","21":"tag-news","22":"tag-noticias","23":"tag-noticias-principais","24":"tag-noticiasprincipais","25":"tag-principais-noticias","26":"tag-principaisnoticias","27":"tag-top-stories","28":"tag-topstories","29":"tag-ultimas","30":"tag-ultimas-noticias","31":"tag-ultimasnoticias","32":"tag-world","33":"tag-world-news","34":"tag-worldnews"},"share_on_mastodon":{"url":"https:\/\/pubeurope.com\/@pt\/115745929876658677","error":""},"_links":{"self":[{"href":"https:\/\/www.europesays.com\/pt\/wp-json\/wp\/v2\/posts\/194606","targetHints":{"allow":["GET"]}}],"collection":[{"href":"https:\/\/www.europesays.com\/pt\/wp-json\/wp\/v2\/posts"}],"about":[{"href":"https:\/\/www.europesays.com\/pt\/wp-json\/wp\/v2\/types\/post"}],"author":[{"embeddable":true,"href":"https:\/\/www.europesays.com\/pt\/wp-json\/wp\/v2\/users\/2"}],"replies":[{"embeddable":true,"href":"https:\/\/www.europesays.com\/pt\/wp-json\/wp\/v2\/comments?post=194606"}],"version-history":[{"count":0,"href":"https:\/\/www.europesays.com\/pt\/wp-json\/wp\/v2\/posts\/194606\/revisions"}],"wp:featuredmedia":[{"embeddable":true,"href":"https:\/\/www.europesays.com\/pt\/wp-json\/wp\/v2\/media\/194607"}],"wp:attachment":[{"href":"https:\/\/www.europesays.com\/pt\/wp-json\/wp\/v2\/media?parent=194606"}],"wp:term":[{"taxonomy":"category","embeddable":true,"href":"https:\/\/www.europesays.com\/pt\/wp-json\/wp\/v2\/categories?post=194606"},{"taxonomy":"post_tag","embeddable":true,"href":"https:\/\/www.europesays.com\/pt\/wp-json\/wp\/v2\/tags?post=194606"}],"curies":[{"name":"wp","href":"https:\/\/api.w.org\/{rel}","templated":true}]}}