{"id":194608,"date":"2025-12-19T11:11:27","date_gmt":"2025-12-19T11:11:27","guid":{"rendered":"https:\/\/www.europesays.com\/pt\/194608\/"},"modified":"2025-12-19T11:11:27","modified_gmt":"2025-12-19T11:11:27","slug":"inverno-comeca-no-domingo-com-frio-e-chuva-que-se-prolongam-ate-a-noite-de-natal","status":"publish","type":"post","link":"https:\/\/www.europesays.com\/pt\/194608\/","title":{"rendered":"Inverno come\u00e7a no domingo com frio e chuva que se prolongam at\u00e9 \u00e0 noite de Natal"},"content":{"rendered":"<p data-remotead-prev-elm=\"true\" data-remotead-elm-id=\"inread\">Em declara\u00e7\u00f5es \u00e0 ag\u00eancia Lusa, a meteorologista do Instituto Portugu\u00eas do Mar e da Atmosfera (IPMA) Patr\u00edcia Marques especificou que a previs\u00e3o para domingo, dia em que se inicia o inverno, \u00e9 de c\u00e9u muito nublado, aguaceiros, que poder\u00e3o ser por vezes de granizo e acompanhados de trovoada nas regi\u00f5es Norte e Centro.<\/p>\n<p>Portugal continental ser\u00e1 afetado no fim de semana por uma <strong>massa de ar polar mar\u00edtima<\/strong> que provocar\u00e1 a queda de neve a cotas mais baixas e temperaturas pr\u00f3ximas ou inferiores a 0 graus no interior Norte e Centro.<\/p>\n<p>&#8220;O estado do tempo ser\u00e1 influenciado, a partir de hoje e at\u00e9 domingo, por uma vasta regi\u00e3o depression\u00e1ria localizada entre a Isl\u00e2ndia e a Pen\u00ednsula Ib\u00e9rica&#8221;, indicou.<\/p>\n<p data-remotead-prev-elm=\"true\" data-remotead-elm-id=\"centro1\">Segundo Patr\u00edcia Marques, esta situa\u00e7\u00e3o vai caracterizar-se pela passagem de superf\u00edcies frontais frias associadas e pelo posterior transporte de uma massa de ar polar mar\u00edtima sobre o continente a partir da tarde de s\u00e1bado.<\/p>\n<p>&#8220;No domingo <strong>est\u00e1 prevista queda de neve<\/strong> acima de 800\/1000 metros de altitude, podendo descer temporariamente a cota para 600\/800 metros, em especial na regi\u00e3o Norte. Vamos ter tamb\u00e9m vento fraco a moderado, neblina ou nevoeiro em alguns locais e pequena descida da temperatura m\u00e1xima.<\/p>\n<p>Por causa da queda de neve, o IPMA emitiu aviso amarelo para os distritos de Bragan\u00e7a, Porto, Guarda, Vila Real, Viana do Castelo, Aveiro, Castelo Branco, Coimbra e Braga entre as 18 horas de s\u00e1bado e as 9 horas de domingo.<\/p>\n<p data-remotead-prev-elm=\"true\" data-remotead-elm-id=\"centro2\">No que diz respeito \u00e0s temperaturas, adiantou que as <strong>m\u00e1ximas v\u00e3o variar entre os 4 (na Guarda) e os 14 graus (em Faro)<\/strong> e as m\u00ednimas entre os -2 (Guarda) e os 8 (em Lisboa e Set\u00fabal).<\/p>\n<p>Patr\u00edcia Marques indicou tamb\u00e9m que est\u00e1 prevista para os pr\u00f3ximos dias forte agita\u00e7\u00e3o mar\u00edtima que se ir\u00e1 fazer sentir na costa ocidental, com ondas de noroeste entre os 4 e os 6 metros.<\/p>\n<p>Devido \u00e0 ondula\u00e7\u00e3o foram emitidos aviso laranja para os distritos do Porto, Viana do Castelo, Lisboa, Leiria, Aveiro, Coimbra e Braga (entre as 9 horas de hoje e as 3 horas de s\u00e1bado, passando depois a amarelo at\u00e9 domingo.<\/p>\n<p data-remotead-prev-elm=\"true\" data-remotead-elm-id=\"centro3\">Faro, Set\u00fabal, Beja tamb\u00e9m est\u00e3o sob aviso amarelo devido ao estado do mar at\u00e9 \u00e0s 18 horas de domingo.<\/p>\n<p>No que diz respeito \u00e0 v\u00e9spera e dia de Natal, a meteorologista do IPMA disse que <strong>dever\u00e1 chover pelo menos at\u00e9 \u00e0 noite de Natal.<\/strong><\/p>\n<p>&#8220;Vamos ter chuva para a semana, mas ainda \u00e9 cedo para ter certezas. Tudo aponta para que no dia de Natal n\u00e3o chova&#8221;, disse.<\/p>\n","protected":false},"excerpt":{"rendered":"Em declara\u00e7\u00f5es \u00e0 ag\u00eancia Lusa, a meteorologista do Instituto Portugu\u00eas do Mar e da Atmosfera (IPMA) Patr\u00edcia Marques&hellip;\n","protected":false},"author":2,"featured_media":171653,"comment_status":"","ping_status":"","sticky":false,"template":"","format":"standard","meta":{"footnotes":""},"categories":[10],"tags":[27,28,2139,15,16,9086,14,25,26,21,22,8532,619,7561,12,13,19,20,32,23,24,33,17,18,29,30,31],"class_list":{"0":"post-194608","1":"post","2":"type-post","3":"status-publish","4":"format-standard","5":"has-post-thumbnail","7":"category-portugal","8":"tag-breaking-news","9":"tag-breakingnews","10":"tag-chuva","11":"tag-featured-news","12":"tag-featurednews","13":"tag-frio","14":"tag-headlines","15":"tag-latest-news","16":"tag-latestnews","17":"tag-main-news","18":"tag-mainnews","19":"tag-mau-tempo","20":"tag-nacional","21":"tag-natal","22":"tag-news","23":"tag-noticias","24":"tag-noticias-principais","25":"tag-noticiasprincipais","26":"tag-portugal","27":"tag-principais-noticias","28":"tag-principaisnoticias","29":"tag-pt","30":"tag-top-stories","31":"tag-topstories","32":"tag-ultimas","33":"tag-ultimas-noticias","34":"tag-ultimasnoticias"},"share_on_mastodon":{"url":"https:\/\/pubeurope.com\/@pt\/115745933555813679","error":""},"_links":{"self":[{"href":"https:\/\/www.europesays.com\/pt\/wp-json\/wp\/v2\/posts\/194608","targetHints":{"allow":["GET"]}}],"collection":[{"href":"https:\/\/www.europesays.com\/pt\/wp-json\/wp\/v2\/posts"}],"about":[{"href":"https:\/\/www.europesays.com\/pt\/wp-json\/wp\/v2\/types\/post"}],"author":[{"embeddable":true,"href":"https:\/\/www.europesays.com\/pt\/wp-json\/wp\/v2\/users\/2"}],"replies":[{"embeddable":true,"href":"https:\/\/www.europesays.com\/pt\/wp-json\/wp\/v2\/comments?post=194608"}],"version-history":[{"count":0,"href":"https:\/\/www.europesays.com\/pt\/wp-json\/wp\/v2\/posts\/194608\/revisions"}],"wp:featuredmedia":[{"embeddable":true,"href":"https:\/\/www.europesays.com\/pt\/wp-json\/wp\/v2\/media\/171653"}],"wp:attachment":[{"href":"https:\/\/www.europesays.com\/pt\/wp-json\/wp\/v2\/media?parent=194608"}],"wp:term":[{"taxonomy":"category","embeddable":true,"href":"https:\/\/www.europesays.com\/pt\/wp-json\/wp\/v2\/categories?post=194608"},{"taxonomy":"post_tag","embeddable":true,"href":"https:\/\/www.europesays.com\/pt\/wp-json\/wp\/v2\/tags?post=194608"}],"curies":[{"name":"wp","href":"https:\/\/api.w.org\/{rel}","templated":true}]}}