{"id":194613,"date":"2025-12-19T11:16:09","date_gmt":"2025-12-19T11:16:09","guid":{"rendered":"https:\/\/www.europesays.com\/pt\/194613\/"},"modified":"2025-12-19T11:16:09","modified_gmt":"2025-12-19T11:16:09","slug":"vem-ai-em-terra-forte-flor-acorda-contra-todas-as-expectativas-e-medico-fica-em-choque-com-o-que-ve-novelas","status":"publish","type":"post","link":"https:\/\/www.europesays.com\/pt\/194613\/","title":{"rendered":"Vem a\u00ed em \u00abTerra Forte\u00bb: Flor acorda contra todas as expectativas e m\u00e9dico fica em choque com o que v\u00ea &#8211; Novelas"},"content":{"rendered":"<p>Em \u00abTerra Forte\u00bb, enfermeira diz a <a href=\"https:\/\/tvi.iol.pt\/novelas\/ator\/antonio\/68ee5b98d34e58bc6796e13a\" rel=\"nofollow noopener\" target=\"_blank\">Ant\u00f3nio (Jo\u00e3o Catarr\u00e9)<\/a><strong data-end=\"1135\" data-start=\"1091\"> <\/strong>que o progn\u00f3stico de <a href=\"https:\/\/tvi.iol.pt\/novelas\/videos\/terra-forte-no-dia-do-seu-aniversario-flor-recebe-uma-visita-inesperada\/68f65c7a0cf29d28d82976c8\" rel=\"nofollow noopener\" target=\"_blank\">Flor (Benedita Pereira)<\/a>\u00a0continua muito reservado, sendo por isso que o m\u00e9dico prefere mant\u00ea-la sedada. Flor abre os olhos a despertar do coma sem que eles percebam.<\/p>\n<p>Enfermeira e Ant\u00f3nio ficam at\u00f3nitos ao repararem que Flor est\u00e1 acordada. Enfermeira sai a dizer ter de ir avisar o m\u00e9dico e Ant\u00f3nio fica a olhar emocionado para a mulher.<\/p>\n<p>M\u00e9dico fica espantado com o acordar de Flor e puxa Ant\u00f3nio para falarem.<\/p>\n<p>M\u00e9dico diz a Ant\u00f3nio ser surpreendente que Flor tenha acordado quando estava em coma induzido, precisando de fazer-lhe uns exames para ver a sua condi\u00e7\u00e3o. Ant\u00f3nio recebe chamada de <a href=\"https:\/\/tvi.iol.pt\/novelas\/ator\/rosa-maria\/68ee586ed34e58bc6796e114\" rel=\"nofollow noopener\" target=\"_blank\">Rosa Maria (Cust\u00f3dia Gallego)<\/a>, dizendo-lhe que vai ter com ela.<\/p>\n","protected":false},"excerpt":{"rendered":"Em \u00abTerra Forte\u00bb, enfermeira diz a Ant\u00f3nio (Jo\u00e3o Catarr\u00e9) que o progn\u00f3stico de Flor (Benedita Pereira)\u00a0continua muito reservado,&hellip;\n","protected":false},"author":2,"featured_media":194614,"comment_status":"","ping_status":"","sticky":false,"template":"","format":"standard","meta":{"footnotes":""},"categories":[142],"tags":[160,27121,33650,7951,166,114,115,157,167,978,2727,164,161,158,165,159,32,33,156,18614,163,151,162],"class_list":{"0":"post-194613","1":"post","2":"type-post","3":"status-publish","4":"format-standard","5":"has-post-thumbnail","7":"category-tv","8":"tag-ana-guiomar","9":"tag-antonio","10":"tag-antonio-banderas","11":"tag-benedita-pereira","12":"tag-cristina-ferreira","13":"tag-entertainment","14":"tag-entretenimento","15":"tag-festa-e-festa","16":"tag-ficcao","17":"tag-flor","18":"tag-joao-catarre","19":"tag-jose-fidalgo","20":"tag-novelas","21":"tag-para-sempre","22":"tag-pedro-sousa","23":"tag-pedro-teixeira","24":"tag-portugal","25":"tag-pt","26":"tag-queridos-papas","27":"tag-terra-forte","28":"tag-tiago-teotonio-pereira","29":"tag-tv","30":"tag-tvi"},"share_on_mastodon":{"url":"https:\/\/pubeurope.com\/@pt\/115745953087932540","error":""},"_links":{"self":[{"href":"https:\/\/www.europesays.com\/pt\/wp-json\/wp\/v2\/posts\/194613","targetHints":{"allow":["GET"]}}],"collection":[{"href":"https:\/\/www.europesays.com\/pt\/wp-json\/wp\/v2\/posts"}],"about":[{"href":"https:\/\/www.europesays.com\/pt\/wp-json\/wp\/v2\/types\/post"}],"author":[{"embeddable":true,"href":"https:\/\/www.europesays.com\/pt\/wp-json\/wp\/v2\/users\/2"}],"replies":[{"embeddable":true,"href":"https:\/\/www.europesays.com\/pt\/wp-json\/wp\/v2\/comments?post=194613"}],"version-history":[{"count":0,"href":"https:\/\/www.europesays.com\/pt\/wp-json\/wp\/v2\/posts\/194613\/revisions"}],"wp:featuredmedia":[{"embeddable":true,"href":"https:\/\/www.europesays.com\/pt\/wp-json\/wp\/v2\/media\/194614"}],"wp:attachment":[{"href":"https:\/\/www.europesays.com\/pt\/wp-json\/wp\/v2\/media?parent=194613"}],"wp:term":[{"taxonomy":"category","embeddable":true,"href":"https:\/\/www.europesays.com\/pt\/wp-json\/wp\/v2\/categories?post=194613"},{"taxonomy":"post_tag","embeddable":true,"href":"https:\/\/www.europesays.com\/pt\/wp-json\/wp\/v2\/tags?post=194613"}],"curies":[{"name":"wp","href":"https:\/\/api.w.org\/{rel}","templated":true}]}}