{"id":194619,"date":"2025-12-19T11:23:20","date_gmt":"2025-12-19T11:23:20","guid":{"rendered":"https:\/\/www.europesays.com\/pt\/194619\/"},"modified":"2025-12-19T11:23:20","modified_gmt":"2025-12-19T11:23:20","slug":"iphone-fold-dobravel-da-apple-tem-suposto-design-revelado-e-ele-e-diferente","status":"publish","type":"post","link":"https:\/\/www.europesays.com\/pt\/194619\/","title":{"rendered":"iPhone Fold: dobr\u00e1vel da Apple tem suposto design revelado e ele \u00e9\u2026 diferente"},"content":{"rendered":"<p class=\"leading\">\n                Este \u00e9 suposto design do primeiro iPhone dobr\u00e1vel da Apple, mais fino que o iPhone Air e com ecr\u00e3 interno quase do tamanho de um iPad mini.            <\/p>\n<p>        <img decoding=\"async\" alt=\"iphone dobr\u00e1vel design\" height=\"900\" src=\"https:\/\/www.europesays.com\/pt\/wp-content\/uploads\/2025\/12\/iphone-dobravel-design-2.jpg\" width=\"1600\" fetchpriority=\"high\"\/><br \/>\nImagem: via iPhone Ticker<\/p>\n<p><a href=\"https:\/\/t.me\/descontos4gnews\" rel=\"nofollow\" class=\"banner-deals mb20 banner-deals-rotation banner-deals-rotation--telegram\"><\/p>\n<p>        Entra no nosso canal Telegram<br \/>e recebe as melhores ofertas<\/p>\n<p>        ENTRAR\n    <\/p>\n<p><\/a><\/p>\n<p>Os rumores sobre o <a href=\"https:\/\/4gnews.pt\/apple-nao-quer-que-o-primeiro-iphone-dobravel-seja-apenas-mais-um-eis-o-que-o-torna-especial\/\" rel=\"nofollow noopener\" target=\"_blank\">primeiro iPhone dobr\u00e1vel<\/a> continuam e agora trouxeram uma das informa\u00e7\u00f5es mais aguardadas pelos f\u00e3s da <a href=\"https:\/\/4gnews.pt\/apple-prepara-mudanca-historica-no-ios-que-vai-facilitar-e-muito-sair-do-iphone\/\" rel=\"nofollow noopener\" target=\"_blank\">Apple<\/a>: o design e a apar\u00eancia do smartphone. Imagens divulgadas por um <a href=\"https:\/\/www.iphone-ticker.de\/apples-falt-iphone-im-detail-wir-haben-cad-zeichnungen-bekommen-270043\/\" rel=\"nofollow noopener\" target=\"_blank\">site alem\u00e3o<\/a> supostamente s\u00e3o desenhos do iPhone dobr\u00e1vel e mostram o visual e as dimens\u00f5es do aguardado modelo.<\/p>\n<p>E devemos dizer que, caso os desenhos venham a ser verdadeiros, o iPhone Fold pode ter um design diferente do que vimos at\u00e9 ao momento no mercado de dobr\u00e1veis.<\/p>\n<p>Um dobr\u00e1vel diferente dos que vimos at\u00e9 agora<img decoding=\"async\" alt=\"iphone dobr\u00e1vel design\" height=\"544\" width=\"1000\" class=\"lazyload\" src=\"https:\/\/www.europesays.com\/pt\/wp-content\/uploads\/2025\/12\/iphone-foldabable-desenho-1.jpg\" loading=\"lazy\"\/><br \/>\nImagem: via iPhone Ticker<\/p>\n<p>Segundo os desenhos, o <strong>iPhone Fold<\/strong> (nome interno V68) teria <strong>83,8 mm de largura<\/strong>, <strong>120,6 mm de altura<\/strong> e <strong>9,6 mm de espessura<\/strong> quando fechado. Isso significa que, quando fechado, ele \u00e9 mais largo e menos alto que os <a href=\"https:\/\/4gnews.pt\/iphone-17e-pode-resolver-um-dos-maiores-defeitos-do-seu-antecessor\/\" rel=\"nofollow noopener\" target=\"_blank\">iPhones<\/a> atuais, apontando para um uso mais confort\u00e1vel mesmo com o aparelho fechado.<\/p>\n<p>O ecr\u00e3 externo teria <strong>139,4 mm de diagonal<\/strong> e resolu\u00e7\u00e3o de <strong>2088 x 1422 pixels<\/strong>, adotando um formato mais largo e menos alongado do que o padr\u00e3o tradicional da Apple. O grande destaque, contudo, est\u00e1 no ecr\u00e3 interno, que se abriria para dimens\u00f5es de <strong>167,6 x 120,6 mm<\/strong>, correspondendo a <strong>7,76 polegadas.<\/strong> Para ter-se uma ideia, isso \u00e9 pouco menor que o <a href=\"https:\/\/4gnews.pt\/novo-ipad-mini-tera-finalmente-uma-melhoria-ha-muito-aguardada-no-ecra\/\" rel=\"nofollow noopener\" target=\"_blank\">iPad mini<\/a> de 8,3 polegadas.<\/p>\n<p><img decoding=\"async\" alt=\"iphone dobr\u00e1vel design\" height=\"519\" width=\"1000\" class=\"lazyload\" src=\"https:\/\/www.europesays.com\/pt\/wp-content\/uploads\/2025\/12\/iphone-foldabable-mockup-1.jpg\" loading=\"lazy\"\/><br \/>\nImagem: iPhone Ticker<\/p>\n<p>Com resolu\u00e7\u00e3o de <strong>2713 x 1920 pixels<\/strong>, o display interno adota um formato retangular que lembra um tablet compacto, refor\u00e7ando o potencial para leitura, v\u00eddeos e navega\u00e7\u00e3o. Este design indica que a Apple pretende oferecer conforto e praticabilidade, sem recorrer a dois ecr\u00e3s separados.<\/p>\n<p>Mais fino que o iPhone Air<img decoding=\"async\" alt=\"iphone dobr\u00e1vel design\" height=\"229\" width=\"1000\" class=\"lazyload\" src=\"https:\/\/www.europesays.com\/pt\/wp-content\/uploads\/2025\/12\/iphone-foldabable-desenho-2.jpg\" loading=\"lazy\"\/><br \/>\nImagem: via iPhone Ticker<\/p>\n<p>De acordo com os desenhos, o iPhone Fold teria <strong>apenas 4,8 mm de espessura<\/strong> quando aberto, desconsiderando o relevo das c\u00e2maras. Isto o tornaria mais fino que o <a href=\"https:\/\/4gnews.pt\/iphone-air-2-pode-calar-as-criticas-com-duas-novidades-que-prometem-mudar-tudo\/\" rel=\"nofollow noopener\" target=\"_blank\">iPhone Air<\/a> (5,64 mm), mas ligeiramente mais espesso que alguns dobr\u00e1veis rivais, como o <a href=\"https:\/\/4gnews.pt\/samsung-galaxy-z-fold-7-e-um-sucesso-e-este-novo-recorde-e-uma-prova-clara\/\" rel=\"nofollow noopener\" target=\"_blank\">Galaxy Z Fold<\/a> (4,2 mm).<\/p>\n<p>Estes n\u00fameros mostram que a Apple est\u00e1 a apostar num design fino e elegante, mantendo a robustez necess\u00e1ria para um telem\u00f3vel dobr\u00e1vel.<\/p>\n<p>Quando o iPhone Fold chega ao mercado<\/p>\n<p>Previsto para chegar ao mercado no segundo semestre de 2026, o aparelho promete transformar a experi\u00eancia de uso, aproximando-se de um pequeno tablet quando aberto.<\/p>\n<p>Para quem procura inova\u00e7\u00e3o, o iPhone Fold poder\u00e1 oferecer uma experi\u00eancia diferente do que estamos habituados, combinando portabilidade com a comodidade de um ecr\u00e3 maior. Ideal para quem consome conte\u00fados multim\u00e9dia ou gosta de ler e navegar com conforto.<\/p>\n<p><strong>V\u00ea tamb\u00e9m:<\/strong><\/p>\n<p><a href=\"https:\/\/amzn.to\/4qepvgv\" target=\"_blank\" rel=\"nofollow noreferrer noopener\"><img decoding=\"async\" alt=\"Apple iPhone 16 Pro Max 256 GB\" height=\"488\" width=\"650\" class=\"lazyload\" src=\"https:\/\/www.europesays.com\/pt\/wp-content\/uploads\/2025\/12\/apple-iphone-16-pro-max-256-gb-31l1cqoev5l-sl500.jpg\" loading=\"lazy\"\/><\/a><\/p>\n<p class=\"inline-related-title\">Editores 4gnews recomendam:<\/p>\n","protected":false},"excerpt":{"rendered":"Este \u00e9 suposto design do primeiro iPhone dobr\u00e1vel da Apple, mais fino que o iPhone Air e com&hellip;\n","protected":false},"author":2,"featured_media":194620,"comment_status":"","ping_status":"","sticky":false,"template":"","format":"standard","meta":{"footnotes":""},"categories":[84],"tags":[109,107,108,32,33,105,103,104,106,110],"class_list":{"0":"post-194619","1":"post","2":"type-post","3":"status-publish","4":"format-standard","5":"has-post-thumbnail","7":"category-ciencia-e-tecnologia","8":"tag-ciencia","9":"tag-ciencia-e-tecnologia","10":"tag-cienciaetecnologia","11":"tag-portugal","12":"tag-pt","13":"tag-science","14":"tag-science-and-technology","15":"tag-scienceandtechnology","16":"tag-technology","17":"tag-tecnologia"},"share_on_mastodon":{"url":"https:\/\/pubeurope.com\/@pt\/115745980998842370","error":""},"_links":{"self":[{"href":"https:\/\/www.europesays.com\/pt\/wp-json\/wp\/v2\/posts\/194619","targetHints":{"allow":["GET"]}}],"collection":[{"href":"https:\/\/www.europesays.com\/pt\/wp-json\/wp\/v2\/posts"}],"about":[{"href":"https:\/\/www.europesays.com\/pt\/wp-json\/wp\/v2\/types\/post"}],"author":[{"embeddable":true,"href":"https:\/\/www.europesays.com\/pt\/wp-json\/wp\/v2\/users\/2"}],"replies":[{"embeddable":true,"href":"https:\/\/www.europesays.com\/pt\/wp-json\/wp\/v2\/comments?post=194619"}],"version-history":[{"count":0,"href":"https:\/\/www.europesays.com\/pt\/wp-json\/wp\/v2\/posts\/194619\/revisions"}],"wp:featuredmedia":[{"embeddable":true,"href":"https:\/\/www.europesays.com\/pt\/wp-json\/wp\/v2\/media\/194620"}],"wp:attachment":[{"href":"https:\/\/www.europesays.com\/pt\/wp-json\/wp\/v2\/media?parent=194619"}],"wp:term":[{"taxonomy":"category","embeddable":true,"href":"https:\/\/www.europesays.com\/pt\/wp-json\/wp\/v2\/categories?post=194619"},{"taxonomy":"post_tag","embeddable":true,"href":"https:\/\/www.europesays.com\/pt\/wp-json\/wp\/v2\/tags?post=194619"}],"curies":[{"name":"wp","href":"https:\/\/api.w.org\/{rel}","templated":true}]}}