{"id":194654,"date":"2025-12-19T12:07:10","date_gmt":"2025-12-19T12:07:10","guid":{"rendered":"https:\/\/www.europesays.com\/pt\/194654\/"},"modified":"2025-12-19T12:07:10","modified_gmt":"2025-12-19T12:07:10","slug":"o-cancelamento-veio-para-ficar-15-12-2025-joel-pinheiro-da-fonseca","status":"publish","type":"post","link":"https:\/\/www.europesays.com\/pt\/194654\/","title":{"rendered":"O cancelamento veio para ficar &#8211; 15\/12\/2025 &#8211; Joel Pinheiro da Fonseca"},"content":{"rendered":"<p>Algu\u00e9m diz algo equivocado \u2014ou que \u00e9 visto como equivocado\u2014 na <a href=\"https:\/\/www1.folha.uol.com.br\/folha-topicos\/internet\/\" rel=\"nofollow noopener\" target=\"_blank\">internet<\/a>, e isso gera uma rea\u00e7\u00e3o em cascata de respostas indignadas, deboche, agressividade e insultos. Linchamento virtual, <a href=\"https:\/\/www1.folha.uol.com.br\/webstories\/cultura\/2020\/08\/o-que-e-a-cultura-do-cancelamento\/\" rel=\"nofollow noopener\" target=\"\">cancelamento<\/a>, os nomes s\u00e3o v\u00e1rios. Acontece sempre. Vez ou outra um cancelamento pode at\u00e9 ser justo, mas o normal \u00e9 que um surto de indigna\u00e7\u00e3o coletiva n\u00e3o se paute por uma an\u00e1lise cuidadosa dos discursos e n\u00e3o aplique penas com modera\u00e7\u00e3o. Ainda assim, por mais que lamentemos essa din\u00e2mica que comete tantas injusti\u00e7as \u2014e atira para todos lados, com todas as ideologias\u2014 , ela segue acontecendo.<\/p>\n<p>Dificilmente cr\u00edticas ao cancelamento ter\u00e3o qualquer efeito, pois ele n\u00e3o tem um autor identific\u00e1vel; \u00e9 o resultado de milhares de decis\u00f5es aut\u00f4nomas n\u00e3o coordenadas. O impacto para a pessoa que o sofre \u00e9 brutal, mas para cada um dos que participa do processo o ato \u00e9 min\u00fasculo: fazer um coment\u00e1rio, dar um like. Um coment\u00e1rio mal-educado sozinho seria insignificante. Uma onda de milhares deles <a href=\"https:\/\/www1.folha.uol.com.br\/equilibrio\/2025\/06\/redes-sociais-alimentam-problemas-de-saude-mental-em-criancas-e-adolescentes-diz-estudo.shtml\" rel=\"nofollow noopener\" target=\"\">abala psicologicamente qualquer um<\/a>.<\/p>\n<p>Al\u00e9m disso, o momento incentiva a entrar na dan\u00e7a. O tema est\u00e1 quente, as pessoas est\u00e3o indignadas; como n\u00e3o expressar tamb\u00e9m minha indigna\u00e7\u00e3o, meu deboche, meu desprezo? Nada vende t\u00e3o bem quanto o conflito. Identificar e atacar um vil\u00e3o \u00e9 sucesso garantido. Participar do debate enquanto ele acontece. Via de regra, quem engaja no tema nem sabe ao certo como aquilo est\u00e1 sendo recebido pelo objeto da cr\u00edtica: ele est\u00e1 acuado, assustado? Est\u00e1 raivoso? N\u00e3o est\u00e1 nem a\u00ed? Se eu n\u00e3o falar nada, outro falar\u00e1.<\/p>\n<p>Bem sei como opini\u00f5es minhas j\u00e1 foram mal-interpretadas pelos tribunais difusos das redes. Em outros, a interpreta\u00e7\u00e3o estava correta, s\u00f3 n\u00e3o agradou \u00e0 maioria. E bem sei tamb\u00e9m que \u00e9 inevit\u00e1vel, de nada adianta lutar contra. Uns poucos ouvir\u00e3o, uns poucos trar\u00e3o argumentos \u2014e com esses vale interagir\u2014 , o resto, a grande maioria, passar\u00e1 e seguir\u00e1 para a pr\u00f3xima distra\u00e7\u00e3o.<\/p>\n<p>Do ponto de vista individual, a \u00fanica sa\u00edda \u00e9 a resili\u00eancia. Cabe a quem est\u00e1 nessa arena di\u00e1ria da <a href=\"https:\/\/www1.folha.uol.com.br\/opiniao\/\" rel=\"nofollow noopener\" target=\"\">opini\u00e3o<\/a> se acostumar, n\u00e3o levar os insultos de desconhecidos para o lado pessoal e ir treinando como se expressar melhor. O momento tamb\u00e9m traz oportunidades: coloca o formador de opini\u00e3o (e hoje todo mundo \u00e9 um pouco formador de opini\u00e3o) em evid\u00eancia, dando-lhe ainda mais espa\u00e7o para se manifestar.<\/p>\n<p>    Colunas<\/p>\n<p class=\"c-newsletter__subtitle\">Receba no seu email uma sele\u00e7\u00e3o de colunas da Folha<\/p>\n<p>Institucionalmente, contudo, creio que h\u00e1 um aprendizado. Num passado recente, essa onda passageira de indigna\u00e7\u00e3o tinha repercuss\u00f5es institucionais quase imediatas: demiss\u00e3o de um emprego, fim de um contrato, desconvites para eventos. Hoje, as institui\u00e7\u00f5es est\u00e3o um pouco mais resilientes e entendem que a onda de raiva passa e tudo volta ao normal. Seja qual for a decis\u00e3o, o calor do momento, com uma multid\u00e3o indignada \u00e0 porta, \u00e9 o pior momento para tomar uma decis\u00e3o.<\/p>\n<p>A din\u00e2mica do cancelamento \u00e9 uma consequ\u00eancia da democratiza\u00e7\u00e3o do debate. Todo mundo pode falar e interagir; isso faz com que as paix\u00f5es aflorem. Colocar-se do lado certo \u00e9 mais importante do que nuances. N\u00e3o h\u00e1 nenhum porteiro do discurso para decidir quais rea\u00e7\u00f5es s\u00e3o leg\u00edtimas e quais n\u00e3o merecem um megafone para se expressar. A<a href=\"https:\/\/www1.folha.uol.com.br\/poder\/2025\/11\/stf-publica-apos-132-dias-acordao-de-decisao-sobre-marco-civil-da-internet.shtml\" rel=\"nofollow noopener\" target=\"\"> lei p\u00f5e algum limite <\/a>em amea\u00e7as, cal\u00fanias e preconceitos, mas ser\u00e1 sempre insuficiente. O mar est\u00e1 revolto e a calmaria n\u00e3o vir\u00e1. N\u00e3o adianta sonhar com outros tempos.<\/p>\n<p class=\"c-context__content\">&#13;<br \/>\n    <strong>LINK PRESENTE:<\/strong> Gostou deste texto? Assinante pode liberar sete acessos gratuitos de qualquer link por dia. Basta clicar no F azul abaixo.&#13;\n  <\/p>\n","protected":false},"excerpt":{"rendered":"Algu\u00e9m diz algo equivocado \u2014ou que \u00e9 visto como equivocado\u2014 na internet, e isso gera uma rea\u00e7\u00e3o em&hellip;\n","protected":false},"author":2,"featured_media":194655,"comment_status":"","ping_status":"","sticky":false,"template":"","format":"standard","meta":{"footnotes":""},"categories":[142],"tags":[7909,38957,114,115,236,549,32,33,548,151],"class_list":{"0":"post-194654","1":"post","2":"type-post","3":"status-publish","4":"format-standard","5":"has-post-thumbnail","7":"category-tv","8":"tag-cancelamento","9":"tag-cultura-do-cancelamento","10":"tag-entertainment","11":"tag-entretenimento","12":"tag-folha","13":"tag-internet","14":"tag-portugal","15":"tag-pt","16":"tag-redes-sociais","17":"tag-tv"},"share_on_mastodon":{"url":"https:\/\/pubeurope.com\/@pt\/115746153624569334","error":""},"_links":{"self":[{"href":"https:\/\/www.europesays.com\/pt\/wp-json\/wp\/v2\/posts\/194654","targetHints":{"allow":["GET"]}}],"collection":[{"href":"https:\/\/www.europesays.com\/pt\/wp-json\/wp\/v2\/posts"}],"about":[{"href":"https:\/\/www.europesays.com\/pt\/wp-json\/wp\/v2\/types\/post"}],"author":[{"embeddable":true,"href":"https:\/\/www.europesays.com\/pt\/wp-json\/wp\/v2\/users\/2"}],"replies":[{"embeddable":true,"href":"https:\/\/www.europesays.com\/pt\/wp-json\/wp\/v2\/comments?post=194654"}],"version-history":[{"count":0,"href":"https:\/\/www.europesays.com\/pt\/wp-json\/wp\/v2\/posts\/194654\/revisions"}],"wp:featuredmedia":[{"embeddable":true,"href":"https:\/\/www.europesays.com\/pt\/wp-json\/wp\/v2\/media\/194655"}],"wp:attachment":[{"href":"https:\/\/www.europesays.com\/pt\/wp-json\/wp\/v2\/media?parent=194654"}],"wp:term":[{"taxonomy":"category","embeddable":true,"href":"https:\/\/www.europesays.com\/pt\/wp-json\/wp\/v2\/categories?post=194654"},{"taxonomy":"post_tag","embeddable":true,"href":"https:\/\/www.europesays.com\/pt\/wp-json\/wp\/v2\/tags?post=194654"}],"curies":[{"name":"wp","href":"https:\/\/api.w.org\/{rel}","templated":true}]}}