{"id":194689,"date":"2025-12-19T12:33:49","date_gmt":"2025-12-19T12:33:49","guid":{"rendered":"https:\/\/www.europesays.com\/pt\/194689\/"},"modified":"2025-12-19T12:33:49","modified_gmt":"2025-12-19T12:33:49","slug":"ventura-acusa-marques-mendes-de-estar-condicionado","status":"publish","type":"post","link":"https:\/\/www.europesays.com\/pt\/194689\/","title":{"rendered":"Ventura acusa Marques Mendes de estar condicionado"},"content":{"rendered":"\n<p>Lu\u00eds Marques Mendes assegurou esta quarta-feira que est\u00e1 dispon\u00edvel para revelar os clientes da sua empresa familiar se estes lhe derem autoriza\u00e7\u00e3o, no dia em que a revista S\u00e1bado afirmou que o candidato presidencial recusa esclarecer como ganhou 709 mil euros l\u00edquidos nos \u00faltimos dois anos enquanto consultor externo da sociedade Abreu Advogados.<\/p>\n<p><strong>&#8220;J\u00e1 not\u00e1mos no candidato Lu\u00eds Marques Mendes que h\u00e1 ziguezagues em muitas coisas, esta \u00e9 apenas mais uma delas&#8221;<\/strong>, acusou, argumentando que o candidato est\u00e1 &#8220;condicionado e isso n\u00e3o \u00e9 bom num candidato a Presid\u00eancia&#8221; da Rep\u00fablica.<\/p>\n<p>Segundo a S\u00e1bado, em causa est\u00e3o 413.247,58 euros recebidos em 2023 e 296.309,37 euros em 2024, valores que Marques Mendes n\u00e3o explica relativamente \u00e0 origem exata dos honor\u00e1rios e sobre poss\u00edveis conflitos de interesses.<\/p>\n","protected":false},"excerpt":{"rendered":"Lu\u00eds Marques Mendes assegurou esta quarta-feira que est\u00e1 dispon\u00edvel para revelar os clientes da sua empresa familiar se&hellip;\n","protected":false},"author":2,"featured_media":194690,"comment_status":"","ping_status":"","sticky":false,"template":"","format":"standard","meta":{"footnotes":""},"categories":[8],"tags":[3386,27,28,15,16,14,25,26,17461,21,22,12,13,19,20,32,1076,23,24,33,17,18,29,30,31],"class_list":{"0":"post-194689","1":"post","2":"type-post","3":"status-publish","4":"format-standard","5":"has-post-thumbnail","7":"category-principais-noticias","8":"tag-andre-ventura","9":"tag-breaking-news","10":"tag-breakingnews","11":"tag-featured-news","12":"tag-featurednews","13":"tag-headlines","14":"tag-latest-news","15":"tag-latestnews","16":"tag-luis-marques-mendes","17":"tag-main-news","18":"tag-mainnews","19":"tag-news","20":"tag-noticias","21":"tag-noticias-principais","22":"tag-noticiasprincipais","23":"tag-portugal","24":"tag-presidenciais-2026","25":"tag-principais-noticias","26":"tag-principaisnoticias","27":"tag-pt","28":"tag-top-stories","29":"tag-topstories","30":"tag-ultimas","31":"tag-ultimas-noticias","32":"tag-ultimasnoticias"},"share_on_mastodon":{"url":"https:\/\/pubeurope.com\/@pt\/115746259825730105","error":""},"_links":{"self":[{"href":"https:\/\/www.europesays.com\/pt\/wp-json\/wp\/v2\/posts\/194689","targetHints":{"allow":["GET"]}}],"collection":[{"href":"https:\/\/www.europesays.com\/pt\/wp-json\/wp\/v2\/posts"}],"about":[{"href":"https:\/\/www.europesays.com\/pt\/wp-json\/wp\/v2\/types\/post"}],"author":[{"embeddable":true,"href":"https:\/\/www.europesays.com\/pt\/wp-json\/wp\/v2\/users\/2"}],"replies":[{"embeddable":true,"href":"https:\/\/www.europesays.com\/pt\/wp-json\/wp\/v2\/comments?post=194689"}],"version-history":[{"count":0,"href":"https:\/\/www.europesays.com\/pt\/wp-json\/wp\/v2\/posts\/194689\/revisions"}],"wp:featuredmedia":[{"embeddable":true,"href":"https:\/\/www.europesays.com\/pt\/wp-json\/wp\/v2\/media\/194690"}],"wp:attachment":[{"href":"https:\/\/www.europesays.com\/pt\/wp-json\/wp\/v2\/media?parent=194689"}],"wp:term":[{"taxonomy":"category","embeddable":true,"href":"https:\/\/www.europesays.com\/pt\/wp-json\/wp\/v2\/categories?post=194689"},{"taxonomy":"post_tag","embeddable":true,"href":"https:\/\/www.europesays.com\/pt\/wp-json\/wp\/v2\/tags?post=194689"}],"curies":[{"name":"wp","href":"https:\/\/api.w.org\/{rel}","templated":true}]}}