{"id":194703,"date":"2025-12-19T12:47:08","date_gmt":"2025-12-19T12:47:08","guid":{"rendered":"https:\/\/www.europesays.com\/pt\/194703\/"},"modified":"2025-12-19T12:47:08","modified_gmt":"2025-12-19T12:47:08","slug":"suspeito-portugues-de-matar-nuno-loureiro-frequentou-tres-semestres-na-universidade-brown-em-2000-antes-teve-o-contrato-com-o-tecnico-rescindido","status":"publish","type":"post","link":"https:\/\/www.europesays.com\/pt\/194703\/","title":{"rendered":"Suspeito portugu\u00eas de matar Nuno Loureiro frequentou tr\u00eas semestres na Universidade Brown em 2000. Antes, teve o contrato com o T\u00e9cnico rescindido"},"content":{"rendered":"<p>\t                Embora o suspeito tenha sido encontrado morto, continuam por esclarecer v\u00e1rias quest\u00f5es relacionadas com o incidente e o respetivo motivo<\/p>\n<p>O suspeito do tiroteio na Universidade Brown frequentou a institui\u00e7\u00e3o durante tr\u00eas semestres como estudante de p\u00f3s-gradua\u00e7\u00e3o e n\u00e3o tinha qualquer liga\u00e7\u00e3o ativa \u00e0 universidade no momento do ataque ocorrido no s\u00e1bado, avan\u00e7a a CNN, que cita um comunicado da presidente Christina H. Paxson.<\/p>\n<p>\u201cN\u00e3o era estudante atual, n\u00e3o era funcion\u00e1rio e n\u00e3o obteve qualquer grau acad\u00e9mico pela Universidade, tendo frequentado apenas tr\u00eas semestres. Neves Valente foi admitido na Escola de P\u00f3s-Gradua\u00e7\u00e3o de Brown para estudar no programa Sc.M\u2013PhD em F\u00edsica\u201d, refere o comunicado, acrescentando que o suspeito esteve inscrito do outono de 2000 \u00e0 primavera de 2001.<\/p>\n<p>Posteriormente, pediu licen\u00e7a de aus\u00eancia e retirou-se formalmente da universidade com efeitos a 31 de julho de 2003.<\/p>\n<p>\u201cDurante o seu tempo em Brown, Neves Valente esteve inscrito apenas em cadeiras de f\u00edsica, sendo prov\u00e1vel que tenha frequentado aulas e passado tempo no edif\u00edcio Barus &amp; Holley. Nada pode encerrar plenamente as vidas que foram destro\u00e7adas pela viol\u00eancia armada do passado fim de semana. Agora, no entanto, a nossa comunidade tem a oportunidade de seguir em frente e iniciar um caminho de repara\u00e7\u00e3o, recupera\u00e7\u00e3o e cura\u201d, acrescentou Paxson, referindo-se ao edif\u00edcio onde ocorreu o tiroteio.<\/p>\n<p>Segundo os procuradores, o\u00a0suspeito do tiroteio na Universidade Brown s\u00f3 foi associado ao homic\u00eddio de um professor do MIT v\u00e1rios dias depois, por ser \u201csofisticado a ocultar os seus rastos\u201d.<\/p>\n<p><a href=\"https:\/\/diariodarepublica.pt\/dr\/detalhe\/despacho-extracto\/5157-2000-2118874\" target=\"_blank\" rel=\"nofollow noopener\">Ao que a CNN Portugal apurou<\/a>,\u00a0Cl\u00e1udio Neves Valente trabalhou como monitor no Instituto Superior T\u00e9cnico, tendo o seu contrato sido rescindido pelo presidente Jo\u00e3o Hip\u00f3lito a\u00a029 de fevereiro de 2000.<\/p>\n<p>Nascido 22 de janeiro de 1977 em Torres Novas, obteve o estatuto\u00a0de residente permanente legal nos EUA, em 2017. A sua \u00faltima morada conhecida era em Miami.<\/p>\n<p>&#8220;Porqu\u00ea a Brown? Porqu\u00ea estes estudantes?&#8221; <\/p>\n<p>Cl\u00e1udio Neves Valente, identificado pela pol\u00edcia como suspeito em ambos os crimes, ter\u00e1 utilizado um telem\u00f3vel n\u00e3o rastre\u00e1vel e evitado usar cart\u00f5es de cr\u00e9dito em seu nome, afirmou a procuradora dos Estados Unidos para o Distrito de Massachusetts, Leah Foley.\u00a0<\/p>\n<p>Os investigadores suspeitam que Neves Valente possa ter recorrido a cart\u00f5es SIM europeus atrav\u00e9s de um fornecedor europeu, o que dificultou o rastreamento da sua localiza\u00e7\u00e3o em tempo real.<\/p>\n<p>Embora o suspeito tenha sido encontrado morto, o procurador-geral de Rhode Island diz que continuam por esclarecer v\u00e1rias quest\u00f5es relacionadas com o incidente e o respetivo motivo.<\/p>\n<p>A raz\u00e3o pela qual a Universidade Brown, em particular, foi alvo do ataque \u201c\u00e9 um mist\u00e9rio\u201d, afirmou o procurador-geral de Rhode Island, Peter Neronha, em confer\u00eancia de imprensa.<\/p>\n<p>\u201cN\u00e3o creio que tenhamos qualquer ideia do porqu\u00ea agora ou do porqu\u00ea. Porqu\u00ea a Brown? Porqu\u00ea estes estudantes? Porqu\u00ea esta sala de aula? Isso \u00e9 algo que nos \u00e9 totalmente desconhecido e pode vir a ficar claro. Espero que fique, mas neste momento ainda n\u00e3o aconteceu\u201d, afirmou.<\/p>\n<p>As autoridades adiantaram ainda que n\u00e3o t\u00eam &#8220;conhecimento de qualquer registo criminal nos Estados Unidos\u201d.<\/p>\n","protected":false},"excerpt":{"rendered":"Embora o suspeito tenha sido encontrado morto, continuam por esclarecer v\u00e1rias quest\u00f5es relacionadas com o incidente e o&hellip;\n","protected":false},"author":2,"featured_media":194610,"comment_status":"","ping_status":"","sticky":false,"template":"","format":"standard","meta":{"footnotes":""},"categories":[50],"tags":[609,836,611,27,28,38950,38951,607,608,333,832,604,135,610,476,15,16,301,830,14,603,25,26,570,21,22,831,833,5884,62,834,12,13,19,20,38572,835,602,52,32,23,24,17,18,29,30,31,38952,63,64,65],"class_list":{"0":"post-194703","1":"post","2":"type-post","3":"status-publish","4":"format-standard","5":"has-post-thumbnail","7":"category-mundo","8":"tag-alerta","9":"tag-analise","10":"tag-ao-minuto","11":"tag-breaking-news","12":"tag-breakingnews","13":"tag-claudio-neves-valente","14":"tag-claudio-valente","15":"tag-cnn","16":"tag-cnn-portugal","17":"tag-comentadores","18":"tag-costa","19":"tag-crime","20":"tag-desporto","21":"tag-direto","22":"tag-economia","23":"tag-featured-news","24":"tag-featurednews","25":"tag-governo","26":"tag-guerra","27":"tag-headlines","28":"tag-justica","29":"tag-latest-news","30":"tag-latestnews","31":"tag-live","32":"tag-main-news","33":"tag-mainnews","34":"tag-mais-vistas","35":"tag-marcelo","36":"tag-mit","37":"tag-mundo","38":"tag-negocios","39":"tag-news","40":"tag-noticias","41":"tag-noticias-principais","42":"tag-noticiasprincipais","43":"tag-nuno-loureiro","44":"tag-opiniao","45":"tag-pais","46":"tag-politica","47":"tag-portugal","48":"tag-principais-noticias","49":"tag-principaisnoticias","50":"tag-top-stories","51":"tag-topstories","52":"tag-ultimas","53":"tag-ultimas-noticias","54":"tag-ultimasnoticias","55":"tag-universidade-brown","56":"tag-world","57":"tag-world-news","58":"tag-worldnews"},"share_on_mastodon":{"url":"","error":"Validation failed: Text character limit of 500 exceeded"},"_links":{"self":[{"href":"https:\/\/www.europesays.com\/pt\/wp-json\/wp\/v2\/posts\/194703","targetHints":{"allow":["GET"]}}],"collection":[{"href":"https:\/\/www.europesays.com\/pt\/wp-json\/wp\/v2\/posts"}],"about":[{"href":"https:\/\/www.europesays.com\/pt\/wp-json\/wp\/v2\/types\/post"}],"author":[{"embeddable":true,"href":"https:\/\/www.europesays.com\/pt\/wp-json\/wp\/v2\/users\/2"}],"replies":[{"embeddable":true,"href":"https:\/\/www.europesays.com\/pt\/wp-json\/wp\/v2\/comments?post=194703"}],"version-history":[{"count":0,"href":"https:\/\/www.europesays.com\/pt\/wp-json\/wp\/v2\/posts\/194703\/revisions"}],"wp:featuredmedia":[{"embeddable":true,"href":"https:\/\/www.europesays.com\/pt\/wp-json\/wp\/v2\/media\/194610"}],"wp:attachment":[{"href":"https:\/\/www.europesays.com\/pt\/wp-json\/wp\/v2\/media?parent=194703"}],"wp:term":[{"taxonomy":"category","embeddable":true,"href":"https:\/\/www.europesays.com\/pt\/wp-json\/wp\/v2\/categories?post=194703"},{"taxonomy":"post_tag","embeddable":true,"href":"https:\/\/www.europesays.com\/pt\/wp-json\/wp\/v2\/tags?post=194703"}],"curies":[{"name":"wp","href":"https:\/\/api.w.org\/{rel}","templated":true}]}}