{"id":194722,"date":"2025-12-19T13:11:12","date_gmt":"2025-12-19T13:11:12","guid":{"rendered":"https:\/\/www.europesays.com\/pt\/194722\/"},"modified":"2025-12-19T13:11:12","modified_gmt":"2025-12-19T13:11:12","slug":"sporting-elimina-santa-clara-em-jogo-com-penalti-polemico","status":"publish","type":"post","link":"https:\/\/www.europesays.com\/pt\/194722\/","title":{"rendered":"Sporting elimina Santa Clara em jogo com pen\u00e1lti pol\u00e9mico"},"content":{"rendered":"<p data-remotead-prev-elm=\"true\" data-remotead-elm-id=\"inread\">O Santa Clara entrou bem na partida e criou o primeiro lance de perigo num remate de longe de MT, que Jo\u00e3o Virg\u00ednia, novidade na baliza dos le\u00f5es, defendeu. A equipa de Rui Borges passou a controlar o meio-campo e, na primeira oportunidade, festejou. Cruzamento da direita de Fresneda e Jo\u00e3o Sim\u00f5es a assinar um grande golo, depois de receber com a perna direita e rematar com a esquerda.<\/p>\n<p>A desvantagem n\u00e3o fez tremer os a\u00e7orianos, que chegaram ao empate perto da meia hora. Lucas Soares ganhou o duelo a Matheus Reis e, de fora da \u00e1rea, rematou forte para o 1-1 que se registava ao intervalo.<\/p>\n<p>A abrir a segunda parte, Trinc\u00e3o n\u00e3o conseguiu chegar ao cruzamento de Matheus Reis com a bola a sobrar para o disparo de Maxi Ara\u00fajo, mas Neneca assinou uma grande defesa para salvar o Santa Clara.<\/p>\n<p data-remotead-prev-elm=\"true\" data-remotead-elm-id=\"centro1\">O dom\u00ednio territorial leonino tornava-se mais \u00f3bvio e, mesmo que o perigo n\u00e3o rondasse constantemente a baliza insular, Su\u00e1rez chegou a ultrapassar Neneca, mas o ponta de lan\u00e7a ficou sem \u00e2ngulo para um remate bem-sucedido.<\/p>\n<p>Aos 86 minutos e num lance aparentemente inofensivo, Gabriel Silva rodou bem sobre Gon\u00e7alo In\u00e1cio e disparou, com a bola a desviar em Eduardo Quaresma e a entrar na baliza de Jo\u00e3o Virg\u00ednia. Pouco depois, Paulo Victor foi expulso e deixou os a\u00e7orianos com menos um.<\/p>\n<p>J\u00e1 em per\u00edodo de compensa\u00e7\u00e3o, momento de grande pol\u00e9mica e que promete fazer correr muita tinta, com o VAR a passar mais de oito minutos a analisar um lance dentro da \u00e1rea do Santa Clara, em que Tiago Duarte tocou ligeiramente na cara de Hjulmand. Apesar da indecis\u00e3o, o video\u00e1rbitro mandou Jo\u00e3o Pinheiro ver as imagens e, ap\u00f3s mais tr\u00eas minutos, o \u00e1rbitro decidiu assinalar grande penalidade.<\/p>\n<p>O ambiente aqueceu, e de que maneira, no Est\u00e1dio S\u00e3o Miguel, cabendo a Luis Su\u00e1rez a responsabilidade de marcar o pen\u00e1lti e o colombiano assinou o 2-2 aos 90+16, 15 minutos depois do in\u00edcio do lance, e adiou tudo para o prolongamento.<\/p>\n<p>Ricardo Mangas falhou um golo cantado logo a abrir o tempo extra, mas o Sporting marcou mesmo aos 98. Novo cruzamento de Trinc\u00e3o, ligeiro desvio de Hjulmand e Ioannidis, de cabe\u00e7a, a assinar a segunda reviravolta da noite e a garantir o apuramento dos le\u00f5es.<\/p>\n","protected":false},"excerpt":{"rendered":"O Santa Clara entrou bem na partida e criou o primeiro lance de perigo num remate de longe&hellip;\n","protected":false},"author":2,"featured_media":194723,"comment_status":"","ping_status":"","sticky":false,"template":"","format":"standard","meta":{"footnotes":""},"categories":[87],"tags":[135,32,33,423,34,134,3142],"class_list":{"0":"post-194722","1":"post","2":"type-post","3":"status-publish","4":"format-standard","5":"has-post-thumbnail","7":"category-desporto","8":"tag-desporto","9":"tag-portugal","10":"tag-pt","11":"tag-santa-clara","12":"tag-sporting","13":"tag-sports","14":"tag-taca-de-portugal"},"share_on_mastodon":{"url":"https:\/\/pubeurope.com\/@pt\/115746405535834576","error":""},"_links":{"self":[{"href":"https:\/\/www.europesays.com\/pt\/wp-json\/wp\/v2\/posts\/194722","targetHints":{"allow":["GET"]}}],"collection":[{"href":"https:\/\/www.europesays.com\/pt\/wp-json\/wp\/v2\/posts"}],"about":[{"href":"https:\/\/www.europesays.com\/pt\/wp-json\/wp\/v2\/types\/post"}],"author":[{"embeddable":true,"href":"https:\/\/www.europesays.com\/pt\/wp-json\/wp\/v2\/users\/2"}],"replies":[{"embeddable":true,"href":"https:\/\/www.europesays.com\/pt\/wp-json\/wp\/v2\/comments?post=194722"}],"version-history":[{"count":0,"href":"https:\/\/www.europesays.com\/pt\/wp-json\/wp\/v2\/posts\/194722\/revisions"}],"wp:featuredmedia":[{"embeddable":true,"href":"https:\/\/www.europesays.com\/pt\/wp-json\/wp\/v2\/media\/194723"}],"wp:attachment":[{"href":"https:\/\/www.europesays.com\/pt\/wp-json\/wp\/v2\/media?parent=194722"}],"wp:term":[{"taxonomy":"category","embeddable":true,"href":"https:\/\/www.europesays.com\/pt\/wp-json\/wp\/v2\/categories?post=194722"},{"taxonomy":"post_tag","embeddable":true,"href":"https:\/\/www.europesays.com\/pt\/wp-json\/wp\/v2\/tags?post=194722"}],"curies":[{"name":"wp","href":"https:\/\/api.w.org\/{rel}","templated":true}]}}