{"id":194728,"date":"2025-12-19T13:14:09","date_gmt":"2025-12-19T13:14:09","guid":{"rendered":"https:\/\/www.europesays.com\/pt\/194728\/"},"modified":"2025-12-19T13:14:09","modified_gmt":"2025-12-19T13:14:09","slug":"reuniao-especial-de-final-de-ano-do-hack-clubs","status":"publish","type":"post","link":"https:\/\/www.europesays.com\/pt\/194728\/","title":{"rendered":"Reuni\u00e3o especial de final de ano do\u00a0Hack Clubs!\u00a0"},"content":{"rendered":"<p>Foi realizada, nesta sexta-feira (19), a reuni\u00e3o especial de final de ano do Hack Clubs!, no Comfort Hotel Bauru, das 8h \u00e0s 9h.<\/p>\n<p>O encontro reuniu os dois grupos do Hack Clubs! e contou com a participa\u00e7\u00e3o dos convidados Fl\u00e1vio Neves (HCosta), Carolina Rorato (Campara Wellness Center) e Marcio Magnani (nutricionista, personal trainer e fundador da Mediterraneum).<\/p>\n<p>A reuni\u00e3o teve como foco temas relacionados \u00e0 performance, crescimento empresarial e sa\u00fade do empres\u00e1rio, integrando as a\u00e7\u00f5es do movimento voltado ao desenvolvimento estrat\u00e9gico e \u00e0 troca de experi\u00eancias entre empres\u00e1rios.<\/p>\n<p>Fotos: @dannypagani<\/p>\n","protected":false},"excerpt":{"rendered":"Foi realizada, nesta sexta-feira (19), a reuni\u00e3o especial de final de ano do Hack Clubs!, no Comfort Hotel&hellip;\n","protected":false},"author":2,"featured_media":194729,"comment_status":"","ping_status":"","sticky":false,"template":"","format":"standard","meta":{"footnotes":""},"categories":[84],"tags":[109,107,108,32,33,105,103,104,106,110],"class_list":{"0":"post-194728","1":"post","2":"type-post","3":"status-publish","4":"format-standard","5":"has-post-thumbnail","7":"category-ciencia-e-tecnologia","8":"tag-ciencia","9":"tag-ciencia-e-tecnologia","10":"tag-cienciaetecnologia","11":"tag-portugal","12":"tag-pt","13":"tag-science","14":"tag-science-and-technology","15":"tag-scienceandtechnology","16":"tag-technology","17":"tag-tecnologia"},"share_on_mastodon":{"url":"https:\/\/pubeurope.com\/@pt\/115746417215460449","error":""},"_links":{"self":[{"href":"https:\/\/www.europesays.com\/pt\/wp-json\/wp\/v2\/posts\/194728","targetHints":{"allow":["GET"]}}],"collection":[{"href":"https:\/\/www.europesays.com\/pt\/wp-json\/wp\/v2\/posts"}],"about":[{"href":"https:\/\/www.europesays.com\/pt\/wp-json\/wp\/v2\/types\/post"}],"author":[{"embeddable":true,"href":"https:\/\/www.europesays.com\/pt\/wp-json\/wp\/v2\/users\/2"}],"replies":[{"embeddable":true,"href":"https:\/\/www.europesays.com\/pt\/wp-json\/wp\/v2\/comments?post=194728"}],"version-history":[{"count":0,"href":"https:\/\/www.europesays.com\/pt\/wp-json\/wp\/v2\/posts\/194728\/revisions"}],"wp:featuredmedia":[{"embeddable":true,"href":"https:\/\/www.europesays.com\/pt\/wp-json\/wp\/v2\/media\/194729"}],"wp:attachment":[{"href":"https:\/\/www.europesays.com\/pt\/wp-json\/wp\/v2\/media?parent=194728"}],"wp:term":[{"taxonomy":"category","embeddable":true,"href":"https:\/\/www.europesays.com\/pt\/wp-json\/wp\/v2\/categories?post=194728"},{"taxonomy":"post_tag","embeddable":true,"href":"https:\/\/www.europesays.com\/pt\/wp-json\/wp\/v2\/tags?post=194728"}],"curies":[{"name":"wp","href":"https:\/\/api.w.org\/{rel}","templated":true}]}}