{"id":194733,"date":"2025-12-19T13:18:38","date_gmt":"2025-12-19T13:18:38","guid":{"rendered":"https:\/\/www.europesays.com\/pt\/194733\/"},"modified":"2025-12-19T13:18:38","modified_gmt":"2025-12-19T13:18:38","slug":"suspeito-portugues-no-caso-nuno-loureiro","status":"publish","type":"post","link":"https:\/\/www.europesays.com\/pt\/194733\/","title":{"rendered":"Suspeito Portugu\u00eas no Caso Nuno Loureiro"},"content":{"rendered":"<p>Foi nesse local que Valente p\u00f4s termo \u00e0 pr\u00f3pria vida, sendo encontrado junto a uma mala que continha duas armas de fogo e provas que &#8220;correspondiam exatamente \u00e0s recolhidas no local do tiroteio&#8221;, disse Ted Docks, agente especial do FBI respons\u00e1vel pelo caso.<\/p>\n<p>O ataque em Providence resultou na morte de dois estudantes da Brown e causou ferimentos a outros nove, al\u00e9m de ter deixado a comunidade acad\u00e9mica em estado de choque. <\/p>\n<p>O procurador-geral de Rhode Island, Peter Neronha, confirmou que, embora j\u00e1 tivesse sido assinado um mandado de deten\u00e7\u00e3o por homic\u00eddio, n\u00e3o haver\u00e1 agora lugar a um processo judicial devido \u00e0 morte do suspeito. As autoridades continuam agora a processar as provas para tentar determinar as motiva\u00e7\u00f5es por tr\u00e1s deste acto de viol\u00eancia, bem como a investigar a liga\u00e7\u00e3o ao homic\u00eddio do f\u00edsico portugu\u00eas do MIT Nuno Loureiro.<\/p>\n<p>Carro e imagens de videovigil\u00e2ncia ligam os dois casos<\/p>\n<p>Uma liga\u00e7\u00e3o que foi confirmada por Leah B. Foley, a procuradora do Massachusetts, tamb\u00e9m em confer\u00eancia de imprensa. A pe\u00e7a central da investiga\u00e7\u00e3o foi um Nissan Sentra cinzento, com matr\u00edcula da Florida, alugado em Boston no dia 1 de dezembro.<\/p>\n<p>A localiza\u00e7\u00e3o do suspeito nos dois locais foi confirmada atrav\u00e9s de uma an\u00e1lise minuciosa de imagens de videovigil\u00e2ncia. Em Providence, Rhode Island, o ve\u00edculo foi detetado nas imedia\u00e7\u00f5es do campus da Brown University em diversas ocasi\u00f5es entre o dia 1 e o dia 12 de dezembro, antecedendo o ataque que vitimou dois estudantes.<\/p>\n<p>J\u00e1 em Brookline, Massachusetts, o cerco apertou-se quando as c\u00e2maras de seguran\u00e7a captaram o suspeito a cerca de &#8220;uma milha&#8221; &#8212; 0,8 quil\u00f3metros &#8212; da resid\u00eancia de Nuno Loureiro. <\/p>\n<p>V\u00eddeos adicionais mostraram o indiv\u00edduo &#8220;a entrar no pr\u00e9dio de apartamentos do docente no dia do homic\u00eddio, a 15 de dezembro&#8221;, declarou ainda a procuradora.<\/p>\n","protected":false},"excerpt":{"rendered":"Foi nesse local que Valente p\u00f4s termo \u00e0 pr\u00f3pria vida, sendo encontrado junto a uma mala que continha&hellip;\n","protected":false},"author":2,"featured_media":194445,"comment_status":"","ping_status":"","sticky":false,"template":"","format":"standard","meta":{"footnotes":""},"categories":[8],"tags":[27,28,38951,413,15,16,14,5564,25,26,21,22,12,13,19,20,38572,32,23,24,33,17,18,29,30,31,38952],"class_list":{"0":"post-194733","1":"post","2":"type-post","3":"status-publish","4":"format-standard","5":"has-post-thumbnail","7":"category-principais-noticias","8":"tag-breaking-news","9":"tag-breakingnews","10":"tag-claudio-valente","11":"tag-eua","12":"tag-featured-news","13":"tag-featurednews","14":"tag-headlines","15":"tag-homicidio","16":"tag-latest-news","17":"tag-latestnews","18":"tag-main-news","19":"tag-mainnews","20":"tag-news","21":"tag-noticias","22":"tag-noticias-principais","23":"tag-noticiasprincipais","24":"tag-nuno-loureiro","25":"tag-portugal","26":"tag-principais-noticias","27":"tag-principaisnoticias","28":"tag-pt","29":"tag-top-stories","30":"tag-topstories","31":"tag-ultimas","32":"tag-ultimas-noticias","33":"tag-ultimasnoticias","34":"tag-universidade-brown"},"share_on_mastodon":{"url":"https:\/\/pubeurope.com\/@pt\/115746433001002485","error":""},"_links":{"self":[{"href":"https:\/\/www.europesays.com\/pt\/wp-json\/wp\/v2\/posts\/194733","targetHints":{"allow":["GET"]}}],"collection":[{"href":"https:\/\/www.europesays.com\/pt\/wp-json\/wp\/v2\/posts"}],"about":[{"href":"https:\/\/www.europesays.com\/pt\/wp-json\/wp\/v2\/types\/post"}],"author":[{"embeddable":true,"href":"https:\/\/www.europesays.com\/pt\/wp-json\/wp\/v2\/users\/2"}],"replies":[{"embeddable":true,"href":"https:\/\/www.europesays.com\/pt\/wp-json\/wp\/v2\/comments?post=194733"}],"version-history":[{"count":0,"href":"https:\/\/www.europesays.com\/pt\/wp-json\/wp\/v2\/posts\/194733\/revisions"}],"wp:featuredmedia":[{"embeddable":true,"href":"https:\/\/www.europesays.com\/pt\/wp-json\/wp\/v2\/media\/194445"}],"wp:attachment":[{"href":"https:\/\/www.europesays.com\/pt\/wp-json\/wp\/v2\/media?parent=194733"}],"wp:term":[{"taxonomy":"category","embeddable":true,"href":"https:\/\/www.europesays.com\/pt\/wp-json\/wp\/v2\/categories?post=194733"},{"taxonomy":"post_tag","embeddable":true,"href":"https:\/\/www.europesays.com\/pt\/wp-json\/wp\/v2\/tags?post=194733"}],"curies":[{"name":"wp","href":"https:\/\/api.w.org\/{rel}","templated":true}]}}