{"id":194735,"date":"2025-12-19T13:22:09","date_gmt":"2025-12-19T13:22:09","guid":{"rendered":"https:\/\/www.europesays.com\/pt\/194735\/"},"modified":"2025-12-19T13:22:09","modified_gmt":"2025-12-19T13:22:09","slug":"como-os-pais-filha-de-fernanda-serrano-e-pedro-miguel-ramos-fez-18-anos-e-esta-uma-mulher-linda-novelas","status":"publish","type":"post","link":"https:\/\/www.europesays.com\/pt\/194735\/","title":{"rendered":"&#8220;Como os pais&#8221;: filha de Fernanda Serrano e Pedro Miguel Ramos fez 18 anos e est\u00e1 uma mulher linda &#8211; Novelas"},"content":{"rendered":"<p data-end=\"420\" data-start=\"78\"><strong data-end=\"165\" data-start=\"78\">A atriz<a href=\"https:\/\/tvi.iol.pt\/novelas\/fernanda-serrano\/paulo-pires\/vem-ai-a-protegida-clarice-amarrada-e-em-panico-mafiosos-dao-48-horas-antes-do-terror-comecar\" rel=\"nofollow noopener\" target=\"_blank\"> Fernanda Serrano<\/a> que d\u00e1 vida a Clarice na novela \u00abA Protegida\u00ab e o ex-companheiro Pedro Miguel Ramos assinalaram o 18.\u00ba anivers\u00e1rio da filha Laura<\/strong> com mensagens emocionantes nas redes sociais, onde partilharam v\u00e1rias imagens da jovem e destacaram as suas qualidades pessoais e acad\u00e9micas. Apesar de estarem separados, o antigo casal voltou a mostrar uni\u00e3o e orgulho na celebra\u00e7\u00e3o de uma data marcante. Pais de <strong data-end=\"490\" data-start=\"430\">quatro filhos \u2014 Santiago, Laura, Maria Lu\u00edsa e Caetana \u2014<\/strong>, Fernanda Serrano e Pedro Miguel Ramos viveram esta <strong data-end=\"575\" data-start=\"543\">quinta-feira, 18 de dezembro<\/strong>, um dia particularmente especial, j\u00e1 que <strong data-end=\"646\" data-start=\"617\">Laura, a filha mais velha<\/strong>, atingiu a maioridade.<\/p>\n<p data-end=\"1230\" data-start=\"671\">A atriz da TVI recorreu ao Instagram para partilhar v\u00e1rias fotografias ao lado da filha e deixou-lhe uma longa e sentida dedicat\u00f3ria. Na publica\u00e7\u00e3o, Fernanda Serrano escreveu:<br data-end=\"849\" data-start=\"846\"\/> <strong data-end=\"1210\" data-start=\"849\">&#8220;Faz hoje 18 anos que vieste fazer a minha vida mais feliz! Deste-me mais luz, amor de m\u00e3e, orgulho e momentos de partilha bonita! Hoje o tempo fez uma pausa para te celebrar. De repente, aqueles primeiros passos transformaram-se em caminhos firmes, e aquela menina de olhos curiosos agora apresenta-se ao mundo como uma mulher cheia de sonhos, for\u00e7a e luz&#8221;<\/strong>, come\u00e7ou por dizer.<\/p>\n<p data-end=\"1826\" data-start=\"1232\">Na mesma mensagem, a atriz acrescentou:\u00a0<strong data-end=\"1815\" data-start=\"1274\">&#8220;Os teus 18 anos n\u00e3o s\u00e3o apenas uma data, s\u00e3o o marco de uma hist\u00f3ria linda constru\u00edda com risos, aprendizagem, desafios superados e amor em cada detalhe teu. Que esta tua nova e t\u00e3o bonita fase venha com asas para voares alto, sabedoria para escolheres os teus caminhos e amor para nunca te perderes de quem \u00e9s! Parab\u00e9ns pelos teus maravilhosos e vibrantes 18 anos. Que os teus sonhos sejam grandes e os teus passos firmes! Eu, c\u00e1 estarei ao teu lado, sempre de m\u00e3o dada, como sempre fizemos, juntas, este bonito percurso. Amo-te filha&#8221;<\/strong>, concluiu.<\/p>\n<p data-end=\"2359\" data-start=\"1828\">Tamb\u00e9m <strong data-end=\"1857\" data-start=\"1835\">Pedro Miguel Ramos<\/strong>, ex-apresentador de televis\u00e3o, fez quest\u00e3o de homenagear publicamente a filha, deixando-lhe palavras igualmente carregadas de emo\u00e7\u00e3o:<br data-end=\"1994\" data-start=\"1991\"\/> <strong data-end=\"2348\" data-start=\"1994\">&#8220;Querida Laurinha, um n\u00famero redondo, mas sobretudo um momento grande, daqueles que ficam para sempre. \u00c9s for\u00e7a e do\u00e7ura ao mesmo tempo. Tens uma luz pr\u00f3pria, um olhar curioso sobre o mundo e uma coragem silenciosa que impressiona. Cresceste, mas n\u00e3o perdeste a ess\u00eancia: continuas verdadeira, sens\u00edvel, determinada e cheia de sonhos &#8211; e isso \u00e9 raro&#8221;<\/strong>, escreveu.<\/p>\n<blockquote class=\"instagram-media\" data-instgrm-captioned=\"\" data-instgrm-permalink=\"https:\/\/www.instagram.com\/p\/DSaoJbpDL2v\/?utm_source=ig_embed&amp;utm_campaign=loading\" data-instgrm-version=\"14\" style=\" background:#FFF; border:0; border-radius:3px; box-shadow:0 0 1px 0 rgba(0,0,0,0.5),0 1px 10px 0 rgba(0,0,0,0.15); margin: 1px; max-width:540px; min-width:326px; padding:0; width:99.375%; width:-webkit-calc(100% - 2px); width:calc(100% - 2px);\">\n<\/blockquote>\n<p data-end=\"2921\" data-start=\"2361\">Na continua\u00e7\u00e3o da mensagem, o pai da jovem acrescentou:<br data-end=\"2419\" data-start=\"2416\"\/> <strong data-end=\"2920\" data-start=\"2419\">&#8220;18 anos com muito para contar ao teu lado. Passou r\u00e1pido\u2026 principalmente os \u00faltimos anos onde rimos e choramos , onde partilhamos conversas e momentos da vida que ficam para sempre connosco&#8230; Que esta nova etapa te traga liberdade com consci\u00eancia, ambi\u00e7\u00e3o com valores e sonhos grandes com p\u00e9s bem assentes. Erra, aprende, insiste, muda de ideias, vai longe. O mundo \u00e9 teu para explorar &#8211; mas lembra-te sempre de quem \u00e9s e de onde vens. Parab\u00e9ns pelos teus 18 anos. O melhor ainda est\u00e1 a come\u00e7ar&#8221;<\/strong>.<\/p>\n<p data-end=\"3131\" data-is-last-node=\"\" data-is-only-node=\"\" data-start=\"2923\">Recorde-se que <strong data-end=\"3013\" data-start=\"2938\">Fernanda Serrano e Pedro Miguel Ramos casaram-se a 28 de agosto de 2004<\/strong>, tendo colocado um ponto final na rela\u00e7\u00e3o em <strong data-end=\"3067\" data-start=\"3059\">2019<\/strong>, mantendo, ainda assim, uma liga\u00e7\u00e3o pr\u00f3xima em prol dos filhos.<\/p>\n<p>                        <script async src=\"\/\/www.instagram.com\/embed.js\"><\/script><\/p>\n","protected":false},"excerpt":{"rendered":"A atriz Fernanda Serrano que d\u00e1 vida a Clarice na novela \u00abA Protegida\u00ab e o ex-companheiro Pedro Miguel&hellip;\n","protected":false},"author":2,"featured_media":194736,"comment_status":"","ping_status":"","sticky":false,"template":"","format":"standard","meta":{"footnotes":""},"categories":[142],"tags":[160,996,166,114,115,1408,157,167,164,885,161,158,165,159,32,33,156,163,151,162],"class_list":{"0":"post-194735","1":"post","2":"type-post","3":"status-publish","4":"format-standard","5":"has-post-thumbnail","7":"category-tv","8":"tag-ana-guiomar","9":"tag-aniversario","10":"tag-cristina-ferreira","11":"tag-entertainment","12":"tag-entretenimento","13":"tag-fernanda-serrano","14":"tag-festa-e-festa","15":"tag-ficcao","16":"tag-jose-fidalgo","17":"tag-laura","18":"tag-novelas","19":"tag-para-sempre","20":"tag-pedro-sousa","21":"tag-pedro-teixeira","22":"tag-portugal","23":"tag-pt","24":"tag-queridos-papas","25":"tag-tiago-teotonio-pereira","26":"tag-tv","27":"tag-tvi"},"share_on_mastodon":{"url":"https:\/\/pubeurope.com\/@pt\/115746448521108396","error":""},"_links":{"self":[{"href":"https:\/\/www.europesays.com\/pt\/wp-json\/wp\/v2\/posts\/194735","targetHints":{"allow":["GET"]}}],"collection":[{"href":"https:\/\/www.europesays.com\/pt\/wp-json\/wp\/v2\/posts"}],"about":[{"href":"https:\/\/www.europesays.com\/pt\/wp-json\/wp\/v2\/types\/post"}],"author":[{"embeddable":true,"href":"https:\/\/www.europesays.com\/pt\/wp-json\/wp\/v2\/users\/2"}],"replies":[{"embeddable":true,"href":"https:\/\/www.europesays.com\/pt\/wp-json\/wp\/v2\/comments?post=194735"}],"version-history":[{"count":0,"href":"https:\/\/www.europesays.com\/pt\/wp-json\/wp\/v2\/posts\/194735\/revisions"}],"wp:featuredmedia":[{"embeddable":true,"href":"https:\/\/www.europesays.com\/pt\/wp-json\/wp\/v2\/media\/194736"}],"wp:attachment":[{"href":"https:\/\/www.europesays.com\/pt\/wp-json\/wp\/v2\/media?parent=194735"}],"wp:term":[{"taxonomy":"category","embeddable":true,"href":"https:\/\/www.europesays.com\/pt\/wp-json\/wp\/v2\/categories?post=194735"},{"taxonomy":"post_tag","embeddable":true,"href":"https:\/\/www.europesays.com\/pt\/wp-json\/wp\/v2\/tags?post=194735"}],"curies":[{"name":"wp","href":"https:\/\/api.w.org\/{rel}","templated":true}]}}