{"id":194739,"date":"2025-12-19T13:26:09","date_gmt":"2025-12-19T13:26:09","guid":{"rendered":"https:\/\/www.europesays.com\/pt\/194739\/"},"modified":"2025-12-19T13:26:09","modified_gmt":"2025-12-19T13:26:09","slug":"centro-europeu-alerta-para-aumento-de-infecoes-sexualmente-transmissiveis-entre-jovens","status":"publish","type":"post","link":"https:\/\/www.europesays.com\/pt\/194739\/","title":{"rendered":"Centro Europeu alerta para aumento de infe\u00e7\u00f5es sexualmente transmiss\u00edveis entre jovens"},"content":{"rendered":"<p>&#13;<br \/>\nNum relat\u00f3rio hoje divulgado, o ECDC (sigla em ingl\u00eas) alerta para um aumento das taxas de gonorreia entre os jovens, em particular mulheres com idades entre 20 e 24 anos, onde as taxas de notifica\u00e7\u00e3o aumentaram quase 200% entre 2021 e 2023, sinalizando uma &#8220;necessidade urgente&#8221; de respostas nacionais &#8220;robustas e inclusivas&#8221;.&#13;\n<\/p>\n<p>&#13;<br \/>\nOs peritos da organiza\u00e7\u00e3o consideram ainda que a educa\u00e7\u00e3o sobre o VIH e a sexualidade baseada em compet\u00eancias para a vida, em contextos escolares e de acordo com as normas internacionais, \u00e9 crucial para capacitar os jovens a &#8220;assumirem o controlo e tomarem decis\u00f5es informadas sobre a sua sexualidade e rela\u00e7\u00f5es de forma livre e respons\u00e1vel&#8221;.&#13;\n<\/p>\n<p>&#13;<br \/>\nNo \u00e2mbito do sistema de monitoriza\u00e7\u00e3o do VIH da Declara\u00e7\u00e3o de Dublin do ECDC, s\u00e3o recolhidas informa\u00e7\u00f5es sobre as pol\u00edticas nacionais de educa\u00e7\u00e3o que orientam a presta\u00e7\u00e3o de educa\u00e7\u00e3o abrangente sobre o VIH e a sexualidade em contextos educativos. &#13;\n<\/p>\n<p>&#13;<br \/>\nDe acordo com os \u00faltimos dados comunicados por 26 pa\u00edses da UE\/EEE em 2023, ou o ano mais recente com dados dispon\u00edveis, tais pol\u00edticas existem em contextos escolares do ensino b\u00e1sico em 15 pa\u00edses, em contextos escolares do ensino secund\u00e1rio em 19 pa\u00edses e em institutos de forma\u00e7\u00e3o de professores em 13 pa\u00edses. Em todos estes casos Portugal est\u00e1 inclu\u00eddo.&#13;\n<\/p>\n<p>&#13;<br \/>\nPortugal n\u00e3o integra o grupo de pa\u00edses que reportou a exist\u00eancia de tais pol\u00edticas em universidades.&#13;\n<\/p>\n<p>&#13;<br \/>\nO relat\u00f3rio sublinha que os preservativos, quando usados corretamente e de forma consistente, est\u00e3o entre os m\u00e9todos mais eficazes de preven\u00e7\u00e3o prim\u00e1ria contra as infe\u00e7\u00f5es sexualmente transmiss\u00edveis.&#13;\n<\/p>\n<p>&#13;<br \/>\nDiz que o Plano de A\u00e7\u00e3o Regional Europeu da Organiza\u00e7\u00e3o Mundial da Sa\u00fade para acabar com a SIDA e as epidemias de hepatite viral e infe\u00e7\u00f5es sexualmente transmiss\u00edveis n\u00e3o tem uma meta espec\u00edfica para o uso de preservativos entre os indicadores destas infe\u00e7\u00f5es, no entanto, a meta provis\u00f3ria de cobertura de preven\u00e7\u00e3o do VIH para 2025 visa que 90% das popula\u00e7\u00f5es-chave tenham usado preservativo na \u00faltima vez que tiveram rela\u00e7\u00f5es sexuais com um cliente ou parceiro n\u00e3o regular.&#13;\n<\/p>\n<p>&#13;<br \/>\nComo os jovens n\u00e3o est\u00e3o inclu\u00eddos como popula\u00e7\u00e3o-chave no question\u00e1rio de monitoriza\u00e7\u00e3o do VIH da Declara\u00e7\u00e3o de Dublin, foi solicitado aos pa\u00edses, no question\u00e1rio de monitoriza\u00e7\u00e3o das infe\u00e7\u00f5es sexualmente transmiss\u00edveis, que fornecessem os dados dispon\u00edveis sobre a propor\u00e7\u00e3o de jovens (entre 15 e 24 anos) que relataram ter usado preservativo na \u00faltima rela\u00e7\u00e3o sexual nos \u00faltimos seis meses.&#13;\n<\/p>\n<p>&#13;<br \/>\nEntre os 12 pa\u00edses (Portugal inclu\u00eddo) com dados dispon\u00edveis, as estimativas variaram entre 13 % e 75 %, o que significa que &#8220;nenhum pa\u00eds atingiu a meta interm\u00e9dia de cobertura de preven\u00e7\u00e3o do VIH de 90 %&#8221;, apontam os peritos do ECDC.&#13;\n<\/p>\n<p>&#13;<br \/>\nO n\u00famero relativamente baixo de pa\u00edses que comunicaram dados sobre o indicador relativo \u00e0 utiliza\u00e7\u00e3o de preservativos entre os jovens no question\u00e1rio de monitoriza\u00e7\u00e3o das infe\u00e7\u00f5es sexualmente transmiss\u00edveis est\u00e1 em conson\u00e2ncia com os dados dispon\u00edveis dos pa\u00edses da UE\/EEE sobre a utiliza\u00e7\u00e3o de preservativos entre as popula\u00e7\u00f5es-chave durante os \u00faltimos seis meses.&#13;\n<\/p>\n<p>&#13;<br \/>\nDe acordo com os dados mais recentes dispon\u00edveis, em 2024 ou no ano mais recente, as estimativas variaram entre 25 % e 75 % entre os homossexuais, bissexuais e outros homens que t\u00eam sexo com homens (cinco pa\u00edses), 10 % e 34 % entre as pessoas que injetam drogas (oito pa\u00edses), 11-55% entre migrantes (dois pa\u00edses), 55-100% entre profissionais do sexo (seis pa\u00edses) e 62-85% entre pessoas trans (quatro pa\u00edses). Portugal surge entre todos estes grupos.&#13;\n<\/p>\n<p>&#13;<br \/>\nAl\u00e9m disso, os profissionais do sexo foram a \u00fanica popula\u00e7\u00e3o-chave que supostamente excedeu a meta de uso de preservativos para 2025.&#13;\n<\/p>\n<p>&#13;<br \/>\nEm 2024, o ECDC realizou um mapeamento de inqu\u00e9ritos sobre comportamento sexual, em resposta ao aumento destas infe\u00e7\u00f5es entre os jovens ap\u00f3s a pandemia da covid-19 e centrou-se na identifica\u00e7\u00e3o de inqu\u00e9ritos representativos sobre comportamento sexual entre a popula\u00e7\u00e3o em geral, realizados na UE\/EEE durante o per\u00edodo 2019-2024. &#13;\n<\/p>\n<p>&#13;<br \/>\nA este respeito, o ECDC destaca a disponibilidade limitada de dados sobre comportamento sexual, em particular ao longo do tempo. Al\u00e9m disso &#8211; refere -, as diferen\u00e7as nas abordagens metodol\u00f3gicas, na formula\u00e7\u00e3o dos indicadores e no uso de termos subjetivos e\/ou desatualizados para o comportamento sexual, particularmente no que diz respeito aos tipos de parceiros, &#8220;tornam dif\u00edcil fazer compara\u00e7\u00f5es entre essas pesquisas&#8221;. &#13;\n<\/p>\n<p>&#13;<br \/>\nPor isso, chama a aten\u00e7\u00e3o para a necessidade de atualizar e definir melhor a terminologia padr\u00e3o para capturar o comportamento sexual nas pesquisas, a fim de facilitar as compara\u00e7\u00f5es dos principais indicadores.&#13;\n<\/p>\n<p>&#13;<br \/>\n\u00a0&#13;<\/p>\n","protected":false},"excerpt":{"rendered":"&#13; Num relat\u00f3rio hoje divulgado, o ECDC (sigla em ingl\u00eas) alerta para um aumento das taxas de gonorreia&hellip;\n","protected":false},"author":2,"featured_media":151896,"comment_status":"","ping_status":"","sticky":false,"template":"","format":"standard","meta":{"footnotes":""},"categories":[86],"tags":[23878,38970,116,32,33,117,6942],"class_list":{"0":"post-194739","1":"post","2":"type-post","3":"status-publish","4":"format-standard","5":"has-post-thumbnail","7":"category-saude","8":"tag-dublin","9":"tag-eee","10":"tag-health","11":"tag-portugal","12":"tag-pt","13":"tag-saude","14":"tag-vih"},"share_on_mastodon":{"url":"https:\/\/pubeurope.com\/@pt\/115746464513033631","error":""},"_links":{"self":[{"href":"https:\/\/www.europesays.com\/pt\/wp-json\/wp\/v2\/posts\/194739","targetHints":{"allow":["GET"]}}],"collection":[{"href":"https:\/\/www.europesays.com\/pt\/wp-json\/wp\/v2\/posts"}],"about":[{"href":"https:\/\/www.europesays.com\/pt\/wp-json\/wp\/v2\/types\/post"}],"author":[{"embeddable":true,"href":"https:\/\/www.europesays.com\/pt\/wp-json\/wp\/v2\/users\/2"}],"replies":[{"embeddable":true,"href":"https:\/\/www.europesays.com\/pt\/wp-json\/wp\/v2\/comments?post=194739"}],"version-history":[{"count":0,"href":"https:\/\/www.europesays.com\/pt\/wp-json\/wp\/v2\/posts\/194739\/revisions"}],"wp:featuredmedia":[{"embeddable":true,"href":"https:\/\/www.europesays.com\/pt\/wp-json\/wp\/v2\/media\/151896"}],"wp:attachment":[{"href":"https:\/\/www.europesays.com\/pt\/wp-json\/wp\/v2\/media?parent=194739"}],"wp:term":[{"taxonomy":"category","embeddable":true,"href":"https:\/\/www.europesays.com\/pt\/wp-json\/wp\/v2\/categories?post=194739"},{"taxonomy":"post_tag","embeddable":true,"href":"https:\/\/www.europesays.com\/pt\/wp-json\/wp\/v2\/tags?post=194739"}],"curies":[{"name":"wp","href":"https:\/\/api.w.org\/{rel}","templated":true}]}}