{"id":194746,"date":"2025-12-19T13:32:44","date_gmt":"2025-12-19T13:32:44","guid":{"rendered":"https:\/\/www.europesays.com\/pt\/194746\/"},"modified":"2025-12-19T13:32:44","modified_gmt":"2025-12-19T13:32:44","slug":"trump-diz-que-venezuela-retirou-direitos-petroliferos-aos-eua-e-que-quer-recupera-los-venezuela","status":"publish","type":"post","link":"https:\/\/www.europesays.com\/pt\/194746\/","title":{"rendered":"Trump diz que Venezuela retirou direitos petrol\u00edferos aos EUA e que quer recuper\u00e1-los | Venezuela"},"content":{"rendered":"<p>O Presidente dos Estados Unidos, Donald Trump, afirmou nesta quarta-feira que a Venezuela retirou os direitos petrol\u00edferos \u00e0s empresas norte-americanas e disse que os quer de volta.<\/p>\n<p>&#8220;Lembrem-se de que nos tiraram todos os nossos direitos energ\u00e9ticos. Tiraram-nos todo o nosso petr\u00f3leo n\u00e3o faz muito tempo. Queremos de volta. Foi-nos tirado ilegalmente&#8221;, declarou o l\u00edder norte-americano \u00e0 imprensa a partir da base a\u00e9rea de Andrews, nos arredores de Washington. &#8220;Tiraram-nos os nossos direitos petrol\u00edferos, apesar de haver muito petr\u00f3leo l\u00e1, como sabem, expulsaram as nossas empresas, e queremos de volta&#8221;, insistiu.<\/p>\n<p>Estas declara\u00e7\u00f5es surgem um dia depois de Trump anunciar que ordenou um <a href=\"https:\/\/www.publico.pt\/2025\/12\/17\/mundo\/noticia\/trump-ordena-bloqueio-total-petroleiros-sancionados-trabalhem-venezuela-2158374?ref=venezuela&amp;cx=page__content\" rel=\"nofollow noopener\" target=\"_blank\">bloqueio total<\/a> \u00e0 entrada e sa\u00edda da Venezuela de navios petrol\u00edferos sancionados pelo Governo norte-americano.<\/p>\n<p>O Presidente intensificou a press\u00e3o sobre a Venezuela, um pa\u00eds dependente do neg\u00f3cio petrol\u00edfero, ap\u00f3s ter confiscado na semana passada um navio que tinha sa\u00eddo do pa\u00eds sul-americano e confiscar o crude que transportava.<\/p>\n<p>A ind\u00fastria petrol\u00edfera venezuelana foi nacionalizada a 1 de Janeiro de 1976, durante a primeira presid\u00eancia de Carlos Andr\u00e9s P\u00e9rez, e reservou os direitos de explora\u00e7\u00e3o e aproveitamento de reservas do pa\u00eds \u00e0 empresa estatal Petr\u00f3leos de Venezuela (Pdvsa).<\/p>\n<p>Em 2007, o ent\u00e3o presidente Hugo Ch\u00e1vez modificou as regras sobre a <a href=\"https:\/\/www.publico.pt\/2025\/12\/10\/mundo\/noticia\/eua-apreendem-petroleiro-largo-costa-venezuela-2157713?ref=venezuela&amp;cx=page__content\" rel=\"nofollow noopener\" target=\"_blank\">ind\u00fastria petrol\u00edfera<\/a> para obrigar as multinacionais a tornarem-se s\u00f3cias minorit\u00e1rias da Pdvsa ou a retirarem-se do pa\u00eds.<\/p>\n<p>Apesar da tens\u00e3o entre Washington e Caracas, a empresa norte-americana Chevron opera na Venezuela associada \u00e0 Pdvsa, gra\u00e7as a uma licen\u00e7a do Departamento do Tesouro que a isenta das san\u00e7\u00f5es impostas ao crude venezuelano.<\/p>\n<p>O subchefe de gabinete da Casa Branca, Stephen Miller, assegurou nesta quarta-feira que os Estados Unidos criaram a ind\u00fastria petrol\u00edfera da Venezuela e qualificou a sua nacionaliza\u00e7\u00e3o como &#8220;o maior roubo registado de riqueza e de propriedade&#8221; do seu pa\u00eds.<\/p>\n<p>At\u00e9 agora, a Administra\u00e7\u00e3o de Trump afirmou que a sua estrat\u00e9gia de press\u00e3o sobre a Venezuela visava combater o narcotr\u00e1fico, pois acusa o Governo de Nicolas Maduro de liderar o Cartel de los Soles.<\/p>\n<p>As For\u00e7as Armadas dos Estados Unidos destru\u00edram desde Setembro cerca de vinte embarca\u00e7\u00f5es nas Cara\u00edbas e no Pac\u00edfico que supostamente transportavam droga, matando extrajudicialmente pelo menos 95 tripulantes.<\/p>\n<p>Trump prometeu iniciar &#8220;em breve&#8221; <a href=\"https:\/\/www.publico.pt\/2025\/12\/12\/mundo\/noticia\/apreensao-petroleiros-sancoes-eua-elevam-nova-tensao-venezuela-2157853\" rel=\"nofollow noopener\" target=\"_blank\">ataques contra o narcotr\u00e1fico<\/a> em territ\u00f3rio venezuelano, enquanto Maduro instou os seus cidad\u00e3os a juntarem-se a mil\u00edcias cidad\u00e3s para defender o pa\u00eds.<\/p>\n<p>Entretanto, os democratas da C\u00e2mara dos Representantes dos Estados Unidos apresentaram duas resolu\u00e7\u00f5es sobre poderes de guerra, depois de a Administra\u00e7\u00e3o de Donald Trump ter declarado o Governo venezuelano como &#8220;organiza\u00e7\u00e3o terrorista&#8221; e bloqueado toda a sua frota petrol\u00edfera.<\/p>\n<p>O primeiro documento, apresentado pelo representante democrata Gregory Meeks, defende retirar as For\u00e7as Armadas dos EUA &#8220;das hostilidades com qualquer organiza\u00e7\u00e3o terrorista designada pela Presid\u00eancia no hemisf\u00e9rio ocidental&#8221;, a menos que o Congresso tenha declarado guerra ou autorizado o uso da for\u00e7a militar para tais fins.<\/p>\n<p>O comit\u00e9 de Rela\u00e7\u00f5es Exteriores dos democratas indicou que &#8220;a C\u00e2mara votar\u00e1 brevemente&#8221; a resolu\u00e7\u00e3o de Meeks &#8220;para p\u00f4r fim aos <a href=\"https:\/\/www.publico.pt\/2025\/12\/06\/mundo\/noticia\/eua-avancam-novas-explicacoes-possivel-crime-guerra-caraibas-2157252\" rel=\"nofollow noopener\" target=\"_blank\">ataques militares extrajudiciais<\/a>&#8221; na regi\u00e3o. &#8220;Os membros devem votar sim e deixar claro que nenhum presidente pode arrastar unilateralmente os Estados Unidos para um conflito que o povo n\u00e3o deseja&#8221;, sublinhou.<\/p>\n<p>Por seu lado, o representante democrata Jim McGovern apresentou uma segunda resolu\u00e7\u00e3o que retiraria \u00e0s For\u00e7as Armadas &#8220;das hostilidades dentro ou contra a Venezuela que n\u00e3o tenham sido autorizadas pelo Congresso&#8221;. Este texto poderia ter maiores hip\u00f3teses de ser aprovado porque conta com o apoio de tr\u00eas republicanos, informa a cadeia de televis\u00e3o CBS.<\/p>\n<p>Segundo a resolu\u00e7\u00e3o de poderes de guerra de 1973, o presidente deve consultar o Congresso &#8220;em todos os casos poss\u00edveis&#8221; antes de envolver as For\u00e7as Armadas em hostilidades, a menos que haja uma declara\u00e7\u00e3o de guerra ou outra autoriza\u00e7\u00e3o do Congresso.<\/p>\n<p>Trump fala \u00e0 na\u00e7\u00e3o em Washington<\/p>\n<p>Trump anunciou na ter\u00e7a-feira que ir\u00e1 falar \u00e0 na\u00e7\u00e3o nesta quarta-feira em Washington. A interven\u00e7\u00e3o de Trump, a menos de um m\u00eas de completar o primeiro ano desde o regresso \u00e0 Casa Branca, ser\u00e1 difundida em hor\u00e1rio nobre, \u00e0s 21h de Washington (2h de quinta-feira em Lisboa).<\/p>\n<p>&#8220;Foi um grande ano para o nosso pa\u00eds, e o melhor ainda est\u00e1 para vir&#8221;, disse Trump na ter\u00e7a-feira, ao anunciar a interven\u00e7\u00e3o numa mensagem na sua rede social, a Truth Social.<\/p>\n<p>A secret\u00e1ria de imprensa da Casa Branca, Karoline Leavitt, afirmou que Trump far\u00e1 um balan\u00e7o do seu primeiro ano de mandato e apresentar\u00e1 os seus planos para os pr\u00f3ximos tr\u00eas anos.<\/p>\n","protected":false},"excerpt":{"rendered":"O Presidente dos Estados Unidos, Donald Trump, afirmou nesta quarta-feira que a Venezuela retirou os direitos petrol\u00edferos \u00e0s&hellip;\n","protected":false},"author":2,"featured_media":194747,"comment_status":"","ping_status":"","sticky":false,"template":"","format":"standard","meta":{"footnotes":""},"categories":[8],"tags":[27,28,92,413,15,16,14,25,26,21,22,62,12,3025,13,19,20,32,23,24,33,17,18,29,30,31,3023],"class_list":{"0":"post-194746","1":"post","2":"type-post","3":"status-publish","4":"format-standard","5":"has-post-thumbnail","7":"category-principais-noticias","8":"tag-breaking-news","9":"tag-breakingnews","10":"tag-donald-trump","11":"tag-eua","12":"tag-featured-news","13":"tag-featurednews","14":"tag-headlines","15":"tag-latest-news","16":"tag-latestnews","17":"tag-main-news","18":"tag-mainnews","19":"tag-mundo","20":"tag-news","21":"tag-nicolas-maduro","22":"tag-noticias","23":"tag-noticias-principais","24":"tag-noticiasprincipais","25":"tag-portugal","26":"tag-principais-noticias","27":"tag-principaisnoticias","28":"tag-pt","29":"tag-top-stories","30":"tag-topstories","31":"tag-ultimas","32":"tag-ultimas-noticias","33":"tag-ultimasnoticias","34":"tag-venezuela"},"share_on_mastodon":{"url":"https:\/\/pubeurope.com\/@pt\/115746488180903067","error":""},"_links":{"self":[{"href":"https:\/\/www.europesays.com\/pt\/wp-json\/wp\/v2\/posts\/194746","targetHints":{"allow":["GET"]}}],"collection":[{"href":"https:\/\/www.europesays.com\/pt\/wp-json\/wp\/v2\/posts"}],"about":[{"href":"https:\/\/www.europesays.com\/pt\/wp-json\/wp\/v2\/types\/post"}],"author":[{"embeddable":true,"href":"https:\/\/www.europesays.com\/pt\/wp-json\/wp\/v2\/users\/2"}],"replies":[{"embeddable":true,"href":"https:\/\/www.europesays.com\/pt\/wp-json\/wp\/v2\/comments?post=194746"}],"version-history":[{"count":0,"href":"https:\/\/www.europesays.com\/pt\/wp-json\/wp\/v2\/posts\/194746\/revisions"}],"wp:featuredmedia":[{"embeddable":true,"href":"https:\/\/www.europesays.com\/pt\/wp-json\/wp\/v2\/media\/194747"}],"wp:attachment":[{"href":"https:\/\/www.europesays.com\/pt\/wp-json\/wp\/v2\/media?parent=194746"}],"wp:term":[{"taxonomy":"category","embeddable":true,"href":"https:\/\/www.europesays.com\/pt\/wp-json\/wp\/v2\/categories?post=194746"},{"taxonomy":"post_tag","embeddable":true,"href":"https:\/\/www.europesays.com\/pt\/wp-json\/wp\/v2\/tags?post=194746"}],"curies":[{"name":"wp","href":"https:\/\/api.w.org\/{rel}","templated":true}]}}