{"id":194774,"date":"2025-12-19T14:01:36","date_gmt":"2025-12-19T14:01:36","guid":{"rendered":"https:\/\/www.europesays.com\/pt\/194774\/"},"modified":"2025-12-19T14:01:36","modified_gmt":"2025-12-19T14:01:36","slug":"bce-reve-em-alta-previsao-de-crescimento-e-mantem-juros-nos-2-politica-monetaria","status":"publish","type":"post","link":"https:\/\/www.europesays.com\/pt\/194774\/","title":{"rendered":"BCE rev\u00ea em alta previs\u00e3o de crescimento e mant\u00e9m juros nos 2% | Pol\u00edtica monet\u00e1ria"},"content":{"rendered":"<p dir=\"ltr\">Pela quarta reuni\u00e3o consecutiva, os membros do conselho de governadores do Banco Central Europeu (BCE) decidiram esta quinta-feira manter a principal taxa de juro da zona euro em 2%. O actual n\u00edvel da infla\u00e7\u00e3o satisfaz e, por isso, n\u00e3o s\u00e3o dados sinais de mexidas dos juros nos pr\u00f3ximos tempos.<\/p>\n<p dir=\"ltr\">Se, entre Julho de 2022 e Setembro de 2023, a taxa de juro de dep\u00f3sito (a actual refer\u00eancia para os custos de financiamento na zona euro) subiu de -0,5% para 4% e, entre Junho de 2024 e Junho de 2025, voltou a diminuir de 4% para 2%, agora aquilo que o BCE est\u00e1 decidido que aconte\u00e7a \u00e9 uma estabiliza\u00e7\u00e3o prolongada do n\u00edvel das taxas de juro sentidas pelas empresas e fam\u00edlias europeias.<\/p>\n<p dir=\"ltr\">A decis\u00e3o de manter as taxas de juro a 2% j\u00e1 era <a href=\"https:\/\/www.publico.pt\/2025\/12\/18\/economia\/noticia\/rumo-juros-bce-2026-dependente-acontecer-eua-2158468\" target=\"_blank\" rel=\"nofollow noopener\">unanimemente prevista pelos analistas<\/a> e esta quinta-feira, no final da reuni\u00e3o de dois dias dos respons\u00e1veis da institui\u00e7\u00e3o, o comunicado emitido pelo BCE confirmou-o. As tr\u00eas taxas de juro de refer\u00eancia do BCE ficaram ao mesmo n\u00edvel a que foram colocadas em Junho e mantidas nas reuni\u00f5es de Julho, Setembro e Novembro: a taxa de juro de dep\u00f3sito em 2%, a taxa das opera\u00e7\u00f5es principais de refinanciamento em 2,15% e a taxa da facilidade de ced\u00eancia de liquidez em 2,4%.<\/p>\n<p>        &#13;<\/p>\n<p>&#13;<br \/>\n                &#13;\n            <\/p>\n<p>&#13;<\/p>\n<p dir=\"ltr\">As <a href=\"https:\/\/www.publico.pt\/2025\/12\/18\/economia\/noticia\/sao-taxas-juro-bce-chegam-pessoas-2158408\" target=\"_blank\" rel=\"nofollow noopener\">taxas de juro definidas pelo BCE<\/a> servem para o banco central definir a facilidade e o custo de acesso ao cr\u00e9dito e assim influenciarem o n\u00edvel da procura e dos pre\u00e7os na economia, para cumprirem o seu objectivo de uma infla\u00e7\u00e3o de 2% no m\u00e9dio prazo. O n\u00edvel das taxas do BCE reflecte-se nas taxas de juro praticadas pelos bancos nos seus empr\u00e9stimos, nomeadamente atrav\u00e9s da evolu\u00e7\u00e3o das Euribor, que servem de refer\u00eancia na maior parte dos cr\u00e9ditos concedidos em Portugal.<\/p>\n<p dir=\"ltr\">No comunicado em que anunciaram a decis\u00e3o de manter as taxas de juro, os respons\u00e1veis apresentam as suas novas estimativas para a infla\u00e7\u00e3o e afirmam \u2013 justificando assim a decis\u00e3o de manter as taxas de juro inalteradas \u2013 que a avalia\u00e7\u00e3o que fizeram &#8220;reconfirma que a infla\u00e7\u00e3o deve estabilizar pr\u00f3ximo do objectivo de 2% no m\u00e9dio prazo&#8221;.<\/p>\n<p>Crescimento revisto em alta<\/p>\n<p dir=\"ltr\">De facto, a infla\u00e7\u00e3o na zona euro continua a dar sinais de estar a estabilizar em torno do objectivo de 2% do BCE. Em Novembro, de acordo com os dados publicados pelo Eurostat, a taxa de infla\u00e7\u00e3o hom\u00f3loga entre os pa\u00edses da moeda \u00fanica europeia subiu de 2,1% para 2,2%. E expectativa \u00e9 a de que, nos pr\u00f3ximos meses, devido \u00e0 recente queda dos pre\u00e7os do petr\u00f3leo nos mercados internacionais, a infla\u00e7\u00e3o possa vir a baixar, podendo mesmo ficar temporariamente mais perto de 1,5% ao longo do primeiro trimestre do pr\u00f3ximo ano.<\/p>\n<p dir=\"ltr\">Nas suas novas previs\u00f5es, tamb\u00e9m divulgadas esta quinta-feira, o BCE antecipa que a taxa de infla\u00e7\u00e3o na zona euro seja de 2,1% este ano e de 1,9% em 2026. Em Setembro, a projec\u00e7\u00e3o do banco central j\u00e1 era de uma infla\u00e7\u00e3o de 2,1% este ano, mas para 2026, a estimativa era de 1,7%.<\/p>\n<p dir=\"ltr\">Para 2027 e 2028, a expectativa da autoridade monet\u00e1ria \u00e9 a de que a infla\u00e7\u00e3o continue muito pr\u00f3ximo do objectivo, situando-se em 1,9% e 2%, respectivamente.<\/p>\n<p dir=\"ltr\">No que diz respeito \u00e0 economia, o BCE revela estar mais optimista do que estava em Setembro. A previs\u00e3o agora \u00e9 de um crescimento da zona euro este ano de 1,4%, seguido de varia\u00e7\u00f5es do produto interno bruto (PIB) de 1,2% em 2026 e 1,4% em 2027. H\u00e1 tr\u00eas meses, o banco central apenas estava \u00e0 espera de taxas de crescimento de 1,2% este ano, de 1% no pr\u00f3ximo e de 1,3% em 2027.<\/p>\n<p dir=\"ltr\">Este desempenho mais forte da economia, a par com uma maior aproxima\u00e7\u00e3o da infla\u00e7\u00e3o ao objectivo de 2% logo em 2026, d\u00e1 for\u00e7a aos argumentos para a manuten\u00e7\u00e3o das taxas de juro aos n\u00edveis actuais.<\/p>\n<p dir=\"ltr\">Mas ainda assim, se em rela\u00e7\u00e3o ao que faria esta quinta-feira n\u00e3o havia d\u00favidas sobre a decis\u00e3o do BCE, j\u00e1 no que diz respeito \u00e0 evolu\u00e7\u00e3o das taxas ao longo do pr\u00f3ximo ano permanece alguma incerteza. <\/p>\n<p dir=\"ltr\">No comunicado publicado s\u00e3o dadas poucas pistas em rela\u00e7\u00e3o a isso, com os respons\u00e1veis do BCE a garantirem apenas que &#8220;continuam determinados a garantir que a infla\u00e7\u00e3o estabiliza junto do objectivo de 2%&#8221;, com isso a ser feito atrav\u00e9s de &#8220;uma abordagem reuni\u00e3o a reuni\u00e3o e dependente dos dados&#8221;. <\/p>\n<p dir=\"ltr\">Ao in\u00edcio da tarde desta quinta-feira, Christine Lagarde ir\u00e1, como \u00e9 h\u00e1bito, dar explica\u00e7\u00f5es aos jornalistas sobre a decis\u00e3o tomada, podendo eventualmente dar mais pistas sobre qual ser\u00e1 o rumo a adoptar pelo BCE na condu\u00e7\u00e3o da sua pol\u00edtica monet\u00e1ria ao longo de 2026.<\/p>\n","protected":false},"excerpt":{"rendered":"Pela quarta reuni\u00e3o consecutiva, os membros do conselho de governadores do Banco Central Europeu (BCE) decidiram esta quinta-feira&hellip;\n","protected":false},"author":2,"featured_media":194775,"comment_status":"","ping_status":"","sticky":false,"template":"","format":"standard","meta":{"footnotes":""},"categories":[83],"tags":[99,1213,88,476,89,90,1215,101,1212,32,33,4437,1237],"class_list":{"0":"post-194774","1":"post","2":"type-post","3":"status-publish","4":"format-standard","5":"has-post-thumbnail","7":"category-empresas","8":"tag-banco-central-europeu","9":"tag-bce","10":"tag-business","11":"tag-economia","12":"tag-economy","13":"tag-empresas","14":"tag-inflacao","15":"tag-juros","16":"tag-politica-monetaria","17":"tag-portugal","18":"tag-pt","19":"tag-taxas-de-juro","20":"tag-zona-euro"},"share_on_mastodon":{"url":"https:\/\/pubeurope.com\/@pt\/115746602012746780","error":""},"_links":{"self":[{"href":"https:\/\/www.europesays.com\/pt\/wp-json\/wp\/v2\/posts\/194774","targetHints":{"allow":["GET"]}}],"collection":[{"href":"https:\/\/www.europesays.com\/pt\/wp-json\/wp\/v2\/posts"}],"about":[{"href":"https:\/\/www.europesays.com\/pt\/wp-json\/wp\/v2\/types\/post"}],"author":[{"embeddable":true,"href":"https:\/\/www.europesays.com\/pt\/wp-json\/wp\/v2\/users\/2"}],"replies":[{"embeddable":true,"href":"https:\/\/www.europesays.com\/pt\/wp-json\/wp\/v2\/comments?post=194774"}],"version-history":[{"count":0,"href":"https:\/\/www.europesays.com\/pt\/wp-json\/wp\/v2\/posts\/194774\/revisions"}],"wp:featuredmedia":[{"embeddable":true,"href":"https:\/\/www.europesays.com\/pt\/wp-json\/wp\/v2\/media\/194775"}],"wp:attachment":[{"href":"https:\/\/www.europesays.com\/pt\/wp-json\/wp\/v2\/media?parent=194774"}],"wp:term":[{"taxonomy":"category","embeddable":true,"href":"https:\/\/www.europesays.com\/pt\/wp-json\/wp\/v2\/categories?post=194774"},{"taxonomy":"post_tag","embeddable":true,"href":"https:\/\/www.europesays.com\/pt\/wp-json\/wp\/v2\/tags?post=194774"}],"curies":[{"name":"wp","href":"https:\/\/api.w.org\/{rel}","templated":true}]}}