{"id":194782,"date":"2025-12-19T14:05:12","date_gmt":"2025-12-19T14:05:12","guid":{"rendered":"https:\/\/www.europesays.com\/pt\/194782\/"},"modified":"2025-12-19T14:05:12","modified_gmt":"2025-12-19T14:05:12","slug":"andressa-suita-mostra-efeito-colateral-ao-tentar-engravidar-viver-o-processo","status":"publish","type":"post","link":"https:\/\/www.europesays.com\/pt\/194782\/","title":{"rendered":"Andressa Suita mostra efeito colateral ao tentar engravidar: &#8216;Viver o processo&#8217;"},"content":{"rendered":"<p>A esposa do cantor <a href=\"https:\/\/caras.com.br\/tags\/gusttavo-lima\" target=\"_blank\" rel=\"noopener nofollow\"><strong>Gusttavo Lima<\/strong><\/a>, <a href=\"https:\/\/caras.com.br\/tags\/andressa-suita\" target=\"_blank\" rel=\"noopener nofollow\"><strong>Andressa Suita<\/strong><\/a>, revelou que est\u00e1 tentando engravidar e que est\u00e1 lidando com os efeitos colaterais de sua decis\u00e3o. Nesta quinta-feira, 18, a modelo contou em seus stories que est\u00e1 com bastante acne e alergia na pele.<\/p>\n<p>A influenciadora digital falou que as manchas come\u00e7aram no colo e agora foram para a regi\u00e3o da face. Ao relatar o problema, a loira disse que est\u00e1 usando bastante maquiagem com os eventos de fim de ano e que ao decidir tentar engravidar, ela parou de tomar os horm\u00f4nios.<\/p>\n<p>\u201cEssa \u00e9 a realidade, de um final de ano de muito trabalho, muita maquiagem, uma em cima da outra, virando a madrugada maquiada e tamb\u00e9m a realidade de quem est\u00e1 tentando engravidar e n\u00e3o pode usar nada, n\u00e3o pode tomar nada, n\u00e3o pode passar nada, tem que viver o processo\u201d, contou.<\/p>\n<p>\u201cMinha pele ruim mexe muito com minha autoestima. N\u00e3o sei como vai ser. Tirei o meu DIU, logo em seguida comecei a tomar anticoncepcional, parei de tomar anticoncepcional e agora estou vivendo esse processo. Antes era no meu colo, muita alergia e muita acne, agora no rosto, no pesco\u00e7o\u201d, relatou.<\/p>\n<p>\t Andressa Suita mostra problema de pele ao tentar engravidar: <img loading=\"lazy\" decoding=\"async\" class=\"size-full wp-image-1047055 img-fluid lazy\" alt=\"Andressa Suita mostra como est\u00e1 sua pele ao tentar engravidar\" width=\"1080\" height=\"1896\" src=\"https:\/\/www.europesays.com\/pt\/wp-content\/uploads\/2025\/12\/andressa-suita-mostra-pele-tentar-engravidar.jpg\"  \/>Andressa Suita mostra como est\u00e1 sua pele ao tentar engravidar \u2013 Foto: @andressasuita <img loading=\"lazy\" decoding=\"async\" class=\"size-full wp-image-1047056 img-fluid lazy\" alt=\"Andressa Suita mostra como est\u00e1 sua pele ao tentar engravidar - Foto: @andressasuita\" width=\"1080\" height=\"1872\" src=\"https:\/\/www.europesays.com\/pt\/wp-content\/uploads\/2025\/12\/andressa-suita-pele-tentar-engravidar.jpg\"  \/>Andressa Suita mostra como est\u00e1 sua pele ao tentar engravidar \u2013 Foto: @andressasuita Andressa Suita nega gravidez <\/p>\n<p>Ainda este ano, na P\u00e1scoa, Andressa Suita causou alvoro\u00e7o ao surgir em uma foto com a fam\u00edlia recebendo carinho na barriga. Na ocasi\u00e3o, ela esclareceu que tudo n\u00e3o passava de uma brincadeira e que estava usando m\u00e9todo para n\u00e3o ter filhos.<\/p>\n<p>\u201cEu uso DIU, eu uso Mirena desde 2020, meu DIU vence no final desse ano, n\u00e3o estou gr\u00e1vida, n\u00e3o pretendo ter filhos por agora, tudo se passou de uma grande brincadeira, mas eu aceito o carinho de todos voc\u00eas. Quando eu for fazer um an\u00fancio de uma gravidez com certeza n\u00e3o vai ser nesse tom de brincadeira\u201d, <a href=\"https:\/\/caras.com.br\/atualidades\/andressa-suita-nega-gravidez-e-revela-se-tera-mais-filhos-com-gusttavo-lima.phtml\" rel=\"nofollow noopener\" target=\"_blank\">relatou na \u00e9poca<\/a>.<\/p>\n<p><img loading=\"lazy\" decoding=\"async\" alt=\"Andressa Suita nega gravidez\" width=\"778\" height=\"438\" class=\"img-fluid lazy\" src=\"https:\/\/www.europesays.com\/pt\/wp-content\/uploads\/2025\/12\/pai-andressa-suita.jpg\"\/><\/p>\n<p>\u00a0<\/p>\n<p>        <a href=\"https:\/\/caras.com.br\/autor\/nataly-paschoal\" rel=\"nofollow noopener\" target=\"_blank\">&#13;<br \/>\n          <img loading=\"lazy\" decoding=\"async\" alt=\"Nataly Paschoal\" src=\"https:\/\/www.europesays.com\/pt\/wp-content\/uploads\/2025\/11\/nataly-paschoal_sqmd.jpg\" class=\"avatar avatar-115 photo rounded-circle\" height=\"115\" width=\"115\"\/>        <\/a><\/p>\n<p><b>Nataly Paschoal <\/b>\u00e9 rep\u00f3rter de conte\u00fado do site CARAS. Formada em jornalismo pela Faculdade C\u00e1sper L\u00edbero, ela j\u00e1 passou por sites como Todateen, Sportlife e espnW. Escreve sobre celebridades, TV, reality show e novelas.<\/p>\n","protected":false},"excerpt":{"rendered":"A esposa do cantor Gusttavo Lima, Andressa Suita, revelou que est\u00e1 tentando engravidar e que est\u00e1 lidando com&hellip;\n","protected":false},"author":2,"featured_media":194783,"comment_status":"","ping_status":"","sticky":false,"template":"","format":"standard","meta":{"footnotes":""},"categories":[145],"tags":[6832,38971,211,210,114,115,38972,32,33],"class_list":{"0":"post-194782","1":"post","2":"type-post","3":"status-publish","4":"format-standard","5":"has-post-thumbnail","7":"category-celebridades","8":"tag-andressa-suita","9":"tag-andressa-suita-gravida","10":"tag-celebridades","11":"tag-celebrities","12":"tag-entertainment","13":"tag-entretenimento","14":"tag-pele-andressa-suita","15":"tag-portugal","16":"tag-pt"},"share_on_mastodon":{"url":"https:\/\/pubeurope.com\/@pt\/115746618858750549","error":""},"_links":{"self":[{"href":"https:\/\/www.europesays.com\/pt\/wp-json\/wp\/v2\/posts\/194782","targetHints":{"allow":["GET"]}}],"collection":[{"href":"https:\/\/www.europesays.com\/pt\/wp-json\/wp\/v2\/posts"}],"about":[{"href":"https:\/\/www.europesays.com\/pt\/wp-json\/wp\/v2\/types\/post"}],"author":[{"embeddable":true,"href":"https:\/\/www.europesays.com\/pt\/wp-json\/wp\/v2\/users\/2"}],"replies":[{"embeddable":true,"href":"https:\/\/www.europesays.com\/pt\/wp-json\/wp\/v2\/comments?post=194782"}],"version-history":[{"count":0,"href":"https:\/\/www.europesays.com\/pt\/wp-json\/wp\/v2\/posts\/194782\/revisions"}],"wp:featuredmedia":[{"embeddable":true,"href":"https:\/\/www.europesays.com\/pt\/wp-json\/wp\/v2\/media\/194783"}],"wp:attachment":[{"href":"https:\/\/www.europesays.com\/pt\/wp-json\/wp\/v2\/media?parent=194782"}],"wp:term":[{"taxonomy":"category","embeddable":true,"href":"https:\/\/www.europesays.com\/pt\/wp-json\/wp\/v2\/categories?post=194782"},{"taxonomy":"post_tag","embeddable":true,"href":"https:\/\/www.europesays.com\/pt\/wp-json\/wp\/v2\/tags?post=194782"}],"curies":[{"name":"wp","href":"https:\/\/api.w.org\/{rel}","templated":true}]}}