{"id":194784,"date":"2025-12-19T14:06:10","date_gmt":"2025-12-19T14:06:10","guid":{"rendered":"https:\/\/www.europesays.com\/pt\/194784\/"},"modified":"2025-12-19T14:06:10","modified_gmt":"2025-12-19T14:06:10","slug":"saiba-detalhes-da-cobertura-de-sabrina-sato","status":"publish","type":"post","link":"https:\/\/www.europesays.com\/pt\/194784\/","title":{"rendered":"saiba detalhes da cobertura de Sabrina Sato"},"content":{"rendered":"<p><a href=\"https:\/\/atarde.com.br\/?q=Sabrina%20Sato\" target=\"_blank\" data-rel-defined=\"\" style=\"font-weight:bold\" rel=\"nofollow noopener\">Sabrina Sato<\/a> investiu em uma cobertura luxuosa para receber familiares e amigos. Localizado no bairro Jardins, em S\u00e3o Paulo, o im\u00f3vel possui 655 metros quadrados e \u00e9 no modelo duplex, dividindo a \u00e1rea pessoal e profissional da apresentadora, que ficou conhecida ap\u00f3s participar do BBB.<\/p>\n<p>O espa\u00e7o conta com sala de jantar, cozinha gourmet e deck externo. Al\u00e9m de piscina integrada \u00e0 churrasqueira, ante salas multifuncionais e um camarim de 22 metros quadrados, onde a famosa realiza suas grava\u00e7\u00f5es e recebe a imprensa.<\/p>\n<p>Tudo sobre <strong class=\"atr-ctaWhatsApp-strong\">Entretenimento<\/strong> em primeira m\u00e3o!<\/p>\n<p>Leia Tamb\u00e9m:<\/p>\n<p>Em registros, divulgados pelo arquiteto respons\u00e1vel pela obra do local, \u00e9 poss\u00edvel ver detalhes da cobertura, onde mora a famosa, a filha Zoe e o marido, o ator da Globo <a href=\"https:\/\/atarde.com.br\/?q=nicolas%20prattes\" target=\"_blank\" data-rel-defined=\"\" style=\"white-space:initial;font-weight:bold\" rel=\"nofollow noopener\">Nicolas Prattes<\/a>.<\/p>\n<p><img decoding=\"async\" loading=\"lazy\" src=\"https:\/\/www.europesays.com\/pt\/wp-content\/uploads\/2025\/12\/655-m-e-cozinha-gourmet-saiba-detalhes-da-cobertur0137284700202512181014-1.webp\" alt=\"Cobertura de Sabrina Sato\"\/><\/p>\n<p>Cobertura de Sabrina Sato | Foto: Reprodu\u00e7\u00e3o | Youtube<\/p>\n<p><img decoding=\"async\" loading=\"lazy\" src=\"https:\/\/www.europesays.com\/pt\/wp-content\/uploads\/2025\/12\/655-m-e-cozinha-gourmet-saiba-detalhes-da-cobertur0137284701202512181014-1.webp\" alt=\"Cobertura de Sabrina Sato\"\/><\/p>\n<p>Cobertura de Sabrina Sato | Foto: Reprodu\u00e7\u00e3o | Youtube<\/p>\n<p>Em 2020, o im\u00f3vel foi avaliado em cerca de R$ 12 milh\u00f5es, mas o valor pode ter aumentado ap\u00f3s a supervaloriza\u00e7\u00e3o dos apartamentos em S\u00e3o Paulo nos \u00faltimos cinco anos.<\/p>\n","protected":false},"excerpt":{"rendered":"Sabrina Sato investiu em uma cobertura luxuosa para receber familiares e amigos. Localizado no bairro Jardins, em S\u00e3o&hellip;\n","protected":false},"author":2,"featured_media":194785,"comment_status":"","ping_status":"","sticky":false,"template":"","format":"standard","meta":{"footnotes":""},"categories":[144],"tags":[38973,38974,207,205,206,203,201,202,38975,204,114,115,32,33,3792,38976,38977],"class_list":{"0":"post-194784","1":"post","2":"type-post","3":"status-publish","4":"format-standard","5":"has-post-thumbnail","7":"category-arte-e-design","8":"tag-apartamento-de-sabrina-sato","9":"tag-apartamento-de-sabrina-sato-em-so-paulo","10":"tag-arte","11":"tag-arte-e-design","12":"tag-artedesign","13":"tag-arts","14":"tag-arts-and-design","15":"tag-artsanddesign","16":"tag-cobertura-de-sabrina-sato","17":"tag-design","18":"tag-entertainment","19":"tag-entretenimento","20":"tag-portugal","21":"tag-pt","22":"tag-sabrina-sato","23":"tag-tamanho-da-cobertura-de-sabrina-sato","24":"tag-tour-pelo-apartamento-de-sabrina-sato"},"share_on_mastodon":{"url":"https:\/\/pubeurope.com\/@pt\/115746621554530774","error":""},"_links":{"self":[{"href":"https:\/\/www.europesays.com\/pt\/wp-json\/wp\/v2\/posts\/194784","targetHints":{"allow":["GET"]}}],"collection":[{"href":"https:\/\/www.europesays.com\/pt\/wp-json\/wp\/v2\/posts"}],"about":[{"href":"https:\/\/www.europesays.com\/pt\/wp-json\/wp\/v2\/types\/post"}],"author":[{"embeddable":true,"href":"https:\/\/www.europesays.com\/pt\/wp-json\/wp\/v2\/users\/2"}],"replies":[{"embeddable":true,"href":"https:\/\/www.europesays.com\/pt\/wp-json\/wp\/v2\/comments?post=194784"}],"version-history":[{"count":0,"href":"https:\/\/www.europesays.com\/pt\/wp-json\/wp\/v2\/posts\/194784\/revisions"}],"wp:featuredmedia":[{"embeddable":true,"href":"https:\/\/www.europesays.com\/pt\/wp-json\/wp\/v2\/media\/194785"}],"wp:attachment":[{"href":"https:\/\/www.europesays.com\/pt\/wp-json\/wp\/v2\/media?parent=194784"}],"wp:term":[{"taxonomy":"category","embeddable":true,"href":"https:\/\/www.europesays.com\/pt\/wp-json\/wp\/v2\/categories?post=194784"},{"taxonomy":"post_tag","embeddable":true,"href":"https:\/\/www.europesays.com\/pt\/wp-json\/wp\/v2\/tags?post=194784"}],"curies":[{"name":"wp","href":"https:\/\/api.w.org\/{rel}","templated":true}]}}