{"id":194786,"date":"2025-12-19T14:10:08","date_gmt":"2025-12-19T14:10:08","guid":{"rendered":"https:\/\/www.europesays.com\/pt\/194786\/"},"modified":"2025-12-19T14:10:08","modified_gmt":"2025-12-19T14:10:08","slug":"homem-aranha-4-reserva-grande-surpresa-envolvendo-nucleo-dos-defensores-diz-rumor","status":"publish","type":"post","link":"https:\/\/www.europesays.com\/pt\/194786\/","title":{"rendered":"Homem-Aranha 4 reserva grande surpresa envolvendo n\u00facleo dos Defensores, diz rumor"},"content":{"rendered":"<p class=\"wp-block-yoast-seo-estimated-reading-time yoast-reading-time__wrapper\">Estimated reading time: 2 minutos<\/p>\n<p>Entre as surpresas de <a href=\"https:\/\/ovicio.com.br\/tag\/homem-aranha-um-novo-dia\" target=\"_blank\" rel=\"noreferrer noopener nofollow\">Homem-Aranha: Um Novo Dia (2026)<\/a>, al\u00e9m do <strong>Justiceiro<\/strong>, um novo rumor est\u00e1 informando a presen\u00e7a de mais um personagem do n\u00facleo dos <a href=\"https:\/\/ovicio.com.br\/tag\/defensores\" target=\"_blank\" rel=\"noreferrer noopener nofollow\">Defensores<\/a> em sua trama.<\/p>\n<p>A atualiza\u00e7\u00e3o intrigante vem de Daniel RPK em seu Patreon, informando que o filme contaria com a participa\u00e7\u00e3o de mais um personagem das antigas produ\u00e7\u00f5es da <a href=\"https:\/\/ovicio.com.br\/tag\/netflix\" target=\"_blank\" rel=\"noreferrer noopener nofollow\">Netflix<\/a>.<\/p>\n<p>O insider refor\u00e7a que n\u00e3o h\u00e1 chances de ser o <a href=\"https:\/\/ovicio.com.br\/tag\/demolidor\" target=\"_blank\" rel=\"noreferrer noopener nofollow\">Demolidor<\/a>, refor\u00e7ando os recentes relat\u00f3rios que desmentem a poss\u00edvel apari\u00e7\u00e3o de <strong>Charlie Cox<\/strong> na continua\u00e7\u00e3o.<\/p>\n<p>Os f\u00e3s esperavam ver o<strong> Rei do Crime<\/strong> (<a href=\"https:\/\/ovicio.com.br\/tag\/vincent-donofrio\" target=\"_blank\" rel=\"noreferrer noopener nofollow\">Vincent D&#8217;Onofrio<\/a>) no longa-metragem, mas problemas envolvendo direitos autorais podem barrar um potencial confronto do vil\u00e3o com o Amig\u00e3o da Vizinhan\u00e7a.<\/p>\n<p>Qual o atual status do filme?<\/p>\n<p>Dirigido por <strong>Destin Daniel Cretton<\/strong> (Shang-Chi), <strong>Homem-Aranha: Um Novo Dia<\/strong> encerrou oficialmente suas grava\u00e7\u00f5es no in\u00edcio deste m\u00eas de dezembro, embora refilmagens j\u00e1 estejam programadas para o come\u00e7o de 2026.<\/p>\n<p><a href=\"https:\/\/ovicio.com.br\/tag\/tom-holland\" target=\"_blank\" rel=\"noreferrer noopener nofollow\">Tom Holland<\/a> retorna ao papel central em uma trama &#8220;mais urbana&#8221;, entrando em a\u00e7\u00e3o como o super-her\u00f3i nas ruas de Nova York, enquanto enfrenta m\u00faltiplos vil\u00f5es, incluindo o <strong>Escorpi\u00e3o <\/strong>e o <strong>L\u00e1pide.<\/strong><\/p>\n<p>Contando ainda com <strong>Mark Ruffalo<\/strong> (Hulk) e <a href=\"https:\/\/ovicio.com.br\/tag\/sadie-sink\" target=\"_blank\" rel=\"noreferrer noopener nofollow\">Sadie Sink<\/a> no elenco, o filme tem lan\u00e7amento agendado para <strong>31 de julho de 2026<\/strong> nos cinemas.<\/p>\n<p>Leia mais sobre Homem-Aranha 4 e os Defensores:<\/p>\n<p><strong>Fonte: <\/strong><a href=\"https:\/\/x.com\/cosmic_marvel\/status\/2001737822890577957\" target=\"_blank\" rel=\"noreferrer noopener nofollow\">Cosmic Marvel<\/a>.<\/p>\n","protected":false},"excerpt":{"rendered":"Estimated reading time: 2 minutos Entre as surpresas de Homem-Aranha: Um Novo Dia (2026), al\u00e9m do Justiceiro, um&hellip;\n","protected":false},"author":2,"featured_media":194787,"comment_status":"","ping_status":"","sticky":false,"template":"","format":"standard","meta":{"footnotes":""},"categories":[140],"tags":[38978,22908,114,115,147,148,10304,10305,37980,12733,146,32,33,6705],"class_list":{"0":"post-194786","1":"post","2":"type-post","3":"status-publish","4":"format-standard","5":"has-post-thumbnail","7":"category-filmes","8":"tag-defensores","9":"tag-demolidor","10":"tag-entertainment","11":"tag-entretenimento","12":"tag-film","13":"tag-filmes","14":"tag-homem-aranha-4","15":"tag-homem-aranha-um-novo-dia","16":"tag-justiceiro","17":"tag-marvel-studios","18":"tag-movies","19":"tag-portugal","20":"tag-pt","21":"tag-tom-holland"},"share_on_mastodon":{"url":"https:\/\/pubeurope.com\/@pt\/115746637494032694","error":""},"_links":{"self":[{"href":"https:\/\/www.europesays.com\/pt\/wp-json\/wp\/v2\/posts\/194786","targetHints":{"allow":["GET"]}}],"collection":[{"href":"https:\/\/www.europesays.com\/pt\/wp-json\/wp\/v2\/posts"}],"about":[{"href":"https:\/\/www.europesays.com\/pt\/wp-json\/wp\/v2\/types\/post"}],"author":[{"embeddable":true,"href":"https:\/\/www.europesays.com\/pt\/wp-json\/wp\/v2\/users\/2"}],"replies":[{"embeddable":true,"href":"https:\/\/www.europesays.com\/pt\/wp-json\/wp\/v2\/comments?post=194786"}],"version-history":[{"count":0,"href":"https:\/\/www.europesays.com\/pt\/wp-json\/wp\/v2\/posts\/194786\/revisions"}],"wp:featuredmedia":[{"embeddable":true,"href":"https:\/\/www.europesays.com\/pt\/wp-json\/wp\/v2\/media\/194787"}],"wp:attachment":[{"href":"https:\/\/www.europesays.com\/pt\/wp-json\/wp\/v2\/media?parent=194786"}],"wp:term":[{"taxonomy":"category","embeddable":true,"href":"https:\/\/www.europesays.com\/pt\/wp-json\/wp\/v2\/categories?post=194786"},{"taxonomy":"post_tag","embeddable":true,"href":"https:\/\/www.europesays.com\/pt\/wp-json\/wp\/v2\/tags?post=194786"}],"curies":[{"name":"wp","href":"https:\/\/api.w.org\/{rel}","templated":true}]}}