{"id":194788,"date":"2025-12-19T14:11:09","date_gmt":"2025-12-19T14:11:09","guid":{"rendered":"https:\/\/www.europesays.com\/pt\/194788\/"},"modified":"2025-12-19T14:11:09","modified_gmt":"2025-12-19T14:11:09","slug":"fotos-carro-de-antunes-treinador-do-freamunde-alvo-de-vandalismo","status":"publish","type":"post","link":"https:\/\/www.europesays.com\/pt\/194788\/","title":{"rendered":"FOTOS: carro de Antunes, treinador do Freamunde, alvo de vandalismo"},"content":{"rendered":"<p>Vitorino Antunes, agora numa nova fun\u00e7\u00e3o, sofreu um epis\u00f3dio lament\u00e1vel na noite desta quinta-feira. O seu carro, um Range Rover, foi alvo de vandalismo. Os vidros da viatura foram partidos, como mostram as imagens partilhadas pelo Freamunde.<\/p>\n<p>O ataque foi perpetrado por adeptos do clube, segundo o comunicado dos cap\u00f5es. Surpreendentemente, acontece mesmo ap\u00f3s Vitorino Antunes estar invicto em dez jogos ao leme da equipa &#8211; soma quatro vit\u00f3rias e seis empates.<\/p>\n<p>\u00abEste tipo de comportamento \u00e9 absolutamente inaceit\u00e1vel e contr\u00e1rio aos valores que o SC Freamunde sempre defendeu: respeito, desportivismo e civismo, dentro e fora das quatro linhas. Nada justifica o ato de cobardia que se verificou na noite de hoje e que deve envergonhar os seus autores\u00bb, escreve o clube em comunicado.<\/p>\n<p>\u00abAtos desta natureza apenas prejudicam a imagem do clube, afastam pessoas do desporto e em nada contribuem para o crescimento da institui\u00e7\u00e3o que todos dizemos apoiar. Freamunde \u00e9 reconhecida como uma terra profundamente bairrista e conhecida pela defesa ac\u00e9rrima dos seus. Precisamente por isso, atos de vandalismo, cobardia e ataque a quem trabalha em prol do clube s\u00e3o uma afronta direta \u00e0 nossa identidade e ao nosso s\u00edmbolo\u00bb, continuam.<\/p>\n<p>\u00abO SC Freamunde solidariza-se totalmente com o seu treinador, condena publicamente este epis\u00f3dio e tudo far\u00e1 para que situa\u00e7\u00f5es semelhantes n\u00e3o se repitam.\u00a0O SC Freamunde \u00e9 maior do que qualquer ato isolado de vandalismo\u00bb, termina a entidade.\u00a0<\/p>\n<p>O Freamunde \u00e9 terceiro na segunda divis\u00e3o distrital da AF Porto. Este \u00e9 o primeiro trabalho de Antunes enquanto treinador ap\u00f3s ter pendurado as botas na temporada passada ao servi\u00e7o do Pa\u00e7os de Ferreira. Antunes formou-se como futebolista neste clube, antes de jogar em clubes como M\u00e1laga ou Sporting.<\/p>\n","protected":false},"excerpt":{"rendered":"Vitorino Antunes, agora numa nova fun\u00e7\u00e3o, sofreu um epis\u00f3dio lament\u00e1vel na noite desta quinta-feira. O seu carro, um&hellip;\n","protected":false},"author":2,"featured_media":194789,"comment_status":"","ping_status":"","sticky":false,"template":"","format":"standard","meta":{"footnotes":""},"categories":[87],"tags":[22733,33254,135,28491,280,46,32,33,47,134,38979],"class_list":{"0":"post-194788","1":"post","2":"type-post","3":"status-publish","4":"format-standard","5":"has-post-thumbnail","7":"category-desporto","8":"tag-af-porto","9":"tag-antunes","10":"tag-desporto","11":"tag-freamunde","12":"tag-futebol-nacional","13":"tag-maisfutebol","14":"tag-portugal","15":"tag-pt","16":"tag-pura-paixao","17":"tag-sports","18":"tag-vitorino-antunes"},"share_on_mastodon":{"url":"https:\/\/pubeurope.com\/@pt\/115746641319317057","error":""},"_links":{"self":[{"href":"https:\/\/www.europesays.com\/pt\/wp-json\/wp\/v2\/posts\/194788","targetHints":{"allow":["GET"]}}],"collection":[{"href":"https:\/\/www.europesays.com\/pt\/wp-json\/wp\/v2\/posts"}],"about":[{"href":"https:\/\/www.europesays.com\/pt\/wp-json\/wp\/v2\/types\/post"}],"author":[{"embeddable":true,"href":"https:\/\/www.europesays.com\/pt\/wp-json\/wp\/v2\/users\/2"}],"replies":[{"embeddable":true,"href":"https:\/\/www.europesays.com\/pt\/wp-json\/wp\/v2\/comments?post=194788"}],"version-history":[{"count":0,"href":"https:\/\/www.europesays.com\/pt\/wp-json\/wp\/v2\/posts\/194788\/revisions"}],"wp:featuredmedia":[{"embeddable":true,"href":"https:\/\/www.europesays.com\/pt\/wp-json\/wp\/v2\/media\/194789"}],"wp:attachment":[{"href":"https:\/\/www.europesays.com\/pt\/wp-json\/wp\/v2\/media?parent=194788"}],"wp:term":[{"taxonomy":"category","embeddable":true,"href":"https:\/\/www.europesays.com\/pt\/wp-json\/wp\/v2\/categories?post=194788"},{"taxonomy":"post_tag","embeddable":true,"href":"https:\/\/www.europesays.com\/pt\/wp-json\/wp\/v2\/tags?post=194788"}],"curies":[{"name":"wp","href":"https:\/\/api.w.org\/{rel}","templated":true}]}}