{"id":194795,"date":"2025-12-19T14:25:12","date_gmt":"2025-12-19T14:25:12","guid":{"rendered":"https:\/\/www.europesays.com\/pt\/194795\/"},"modified":"2025-12-19T14:25:12","modified_gmt":"2025-12-19T14:25:12","slug":"confunde-travao-com-acelerador-e-invade-montra-de-loja-em-sao-joao-da-madeira","status":"publish","type":"post","link":"https:\/\/www.europesays.com\/pt\/194795\/","title":{"rendered":"Confunde trav\u00e3o com acelerador e invade montra de loja em S\u00e3o Jo\u00e3o da Madeira"},"content":{"rendered":"<p data-remotead-prev-elm=\"true\" data-remotead-elm-id=\"inread\">Um carro entrou pela montra de uma loja de eventos na manh\u00e3 desta sexta-feira, em S\u00e3o Jo\u00e3o da Madeira, causando momentos de grande susto \u00e0 propriet\u00e1ria do estabelecimento, que acabou por ser transportada ao hospital por precau\u00e7\u00e3o.<br \/>O ins\u00f3lito acidente ocorreu na rua Engenheiro Arantes e Oliveira, no edif\u00edcio Corgalta. A condutora do ve\u00edculo, no momento em que estacionava, ter\u00e1 carregado inadvertidamente no acelerador em vez do trav\u00e3o, fazendo com que a viatura avan\u00e7asse e atravessasse a montra do espa\u00e7o comercial.<\/p>\n<p>No interior da loja encontrava-se a propriet\u00e1ria, sentada junto \u00e0 secret\u00e1ria, que foi apanhada de surpresa. Acabou por ser atingida por alguns estilha\u00e7os de vidro, sem sofrer ferimentos de gravidade.<\/p>\n<p><img decoding=\"async\" class=\"ngx-body\" guid=\"71dfbce2-3873-4e9c-ba99-026f79197d30\" src=\"https:\/\/www.europesays.com\/pt\/wp-content\/uploads\/2025\/12\/1766154311_439_image.webp\" width=\"100%\"\/><img decoding=\"async\" class=\"ngx-body\" guid=\"430e624b-8805-4d2e-9f96-d34373a2f8b4\" src=\"https:\/\/www.europesays.com\/pt\/wp-content\/uploads\/2025\/12\/1766154312_669_image.webp\" width=\"100%\"\/>Propriet\u00e1ria assustou-se e teve de ser transportada para o hospital (Foto: Direitos Reservados)<\/p>\n<p data-remotead-prev-elm=\"true\" data-remotead-elm-id=\"centro1\">Apesar de n\u00e3o apresentar les\u00f5es f\u00edsicas relevantes, o estado de ansiedade provocado pelo sucedido levou a que fosse assistida no local e posteriormente transportada pelos Bombeiros de S\u00e3o Jo\u00e3o da Madeira para o Hospital de S\u00e3o Sebasti\u00e3o, em Santa Maria da Feira.<\/p>\n<p>A PSP tomou conta da ocorr\u00eancia e est\u00e1 a apurar as circunst\u00e2ncias do acidente.<\/p>\n","protected":false},"excerpt":{"rendered":"Um carro entrou pela montra de uma loja de eventos na manh\u00e3 desta sexta-feira, em S\u00e3o Jo\u00e3o da&hellip;\n","protected":false},"author":2,"featured_media":194796,"comment_status":"","ping_status":"","sticky":false,"template":"","format":"standard","meta":{"footnotes":""},"categories":[10],"tags":[59,27,28,38980,15,16,14,25,26,21,22,12,13,19,20,32,23,24,33,17,18,29,30,31],"class_list":{"0":"post-194795","1":"post","2":"type-post","3":"status-publish","4":"format-standard","5":"has-post-thumbnail","7":"category-portugal","8":"tag-acidente","9":"tag-breaking-news","10":"tag-breakingnews","11":"tag-concelho-sao-joao-da-madeira","12":"tag-featured-news","13":"tag-featurednews","14":"tag-headlines","15":"tag-latest-news","16":"tag-latestnews","17":"tag-main-news","18":"tag-mainnews","19":"tag-news","20":"tag-noticias","21":"tag-noticias-principais","22":"tag-noticiasprincipais","23":"tag-portugal","24":"tag-principais-noticias","25":"tag-principaisnoticias","26":"tag-pt","27":"tag-top-stories","28":"tag-topstories","29":"tag-ultimas","30":"tag-ultimas-noticias","31":"tag-ultimasnoticias"},"share_on_mastodon":{"url":"https:\/\/pubeurope.com\/@pt\/115746696838117462","error":""},"_links":{"self":[{"href":"https:\/\/www.europesays.com\/pt\/wp-json\/wp\/v2\/posts\/194795","targetHints":{"allow":["GET"]}}],"collection":[{"href":"https:\/\/www.europesays.com\/pt\/wp-json\/wp\/v2\/posts"}],"about":[{"href":"https:\/\/www.europesays.com\/pt\/wp-json\/wp\/v2\/types\/post"}],"author":[{"embeddable":true,"href":"https:\/\/www.europesays.com\/pt\/wp-json\/wp\/v2\/users\/2"}],"replies":[{"embeddable":true,"href":"https:\/\/www.europesays.com\/pt\/wp-json\/wp\/v2\/comments?post=194795"}],"version-history":[{"count":0,"href":"https:\/\/www.europesays.com\/pt\/wp-json\/wp\/v2\/posts\/194795\/revisions"}],"wp:featuredmedia":[{"embeddable":true,"href":"https:\/\/www.europesays.com\/pt\/wp-json\/wp\/v2\/media\/194796"}],"wp:attachment":[{"href":"https:\/\/www.europesays.com\/pt\/wp-json\/wp\/v2\/media?parent=194795"}],"wp:term":[{"taxonomy":"category","embeddable":true,"href":"https:\/\/www.europesays.com\/pt\/wp-json\/wp\/v2\/categories?post=194795"},{"taxonomy":"post_tag","embeddable":true,"href":"https:\/\/www.europesays.com\/pt\/wp-json\/wp\/v2\/tags?post=194795"}],"curies":[{"name":"wp","href":"https:\/\/api.w.org\/{rel}","templated":true}]}}