{"id":194799,"date":"2025-12-19T14:27:10","date_gmt":"2025-12-19T14:27:10","guid":{"rendered":"https:\/\/www.europesays.com\/pt\/194799\/"},"modified":"2025-12-19T14:27:10","modified_gmt":"2025-12-19T14:27:10","slug":"ary-mirelle-chora-ao-refletir-sobre-mudancas-apos-casamento-com-joao-gomes-sinto-falta","status":"publish","type":"post","link":"https:\/\/www.europesays.com\/pt\/194799\/","title":{"rendered":"Ary Mirelle chora ao refletir sobre mudan\u00e7as ap\u00f3s casamento com Jo\u00e3o Gomes: &#8216;Sinto falta&#8217;"},"content":{"rendered":"<p>Ary Mirelle abriu o cora\u00e7\u00e3o ao falar sobre o seu casamento com Jo\u00e3o Gomes. Atrav\u00e9s das redes sociais, a influenciadora se mostrou emocionada ao falar sobre as transforma\u00e7\u00f5es que passou em sua vida.<\/p>\n<p>\u201cMinha vida mudou muito depois que conheci Jo\u00e3o, e foi tudo muito r\u00e1pido (acredito que para ele tamb\u00e9m), e tem muita coisa que ele sabe lidar melhor que eu, mas que mesmo assim \u00e9 dif\u00edcil\u201d, confessou. \u201cDo mesmo jeito que eu sinto falta de muitas coisas de antes, ele tamb\u00e9m sente. A gente casa, mas a gente sente falta do colo dos nossos pais, do almo\u00e7o da nossa m\u00e3e, do abra\u00e7o que acalma, que cura\u201d, afirmou.<\/p>\n<p>Em outro momento, ela tamb\u00e9m relembrou a fase em que engravidou do primeiro filho, Jorge, em que teve medo de ficar sozinha, sem amigas. \u201cQuando engravidei de Jorge, achava que n\u00e3o ia ter amigas mais. Mas Deus deixou Ana, em nenhum momento ela me deixou na m\u00e3o, desde o primeiro dia que a gente se conheceu na faculdade\u201d, contou.<\/p>\n<p><img fetchpriority=\"high\" decoding=\"async\" class=\"alignnone size-medium wp-image-235062\" src=\"https:\/\/www.europesays.com\/pt\/wp-content\/uploads\/2025\/12\/captura-de-tela-2025-12-18-190751.png-403x720.jpeg\" alt=\"\" width=\"403\" height=\"720\"  \/> <img loading=\"lazy\" decoding=\"async\" class=\"alignnone size-medium wp-image-235063\" src=\"https:\/\/www.europesays.com\/pt\/wp-content\/uploads\/2025\/12\/captura-de-tela-2025-12-18-192028.png-400x720.jpeg\" alt=\"\" width=\"400\" height=\"720\"  \/><\/p>\n","protected":false},"excerpt":{"rendered":"Ary Mirelle abriu o cora\u00e7\u00e3o ao falar sobre o seu casamento com Jo\u00e3o Gomes. Atrav\u00e9s das redes sociais,&hellip;\n","protected":false},"author":2,"featured_media":194800,"comment_status":"","ping_status":"","sticky":false,"template":"","format":"standard","meta":{"footnotes":""},"categories":[145],"tags":[211,210,114,115,32,33],"class_list":{"0":"post-194799","1":"post","2":"type-post","3":"status-publish","4":"format-standard","5":"has-post-thumbnail","7":"category-celebridades","8":"tag-celebridades","9":"tag-celebrities","10":"tag-entertainment","11":"tag-entretenimento","12":"tag-portugal","13":"tag-pt"},"share_on_mastodon":{"url":"https:\/\/pubeurope.com\/@pt\/115746704589676935","error":""},"_links":{"self":[{"href":"https:\/\/www.europesays.com\/pt\/wp-json\/wp\/v2\/posts\/194799","targetHints":{"allow":["GET"]}}],"collection":[{"href":"https:\/\/www.europesays.com\/pt\/wp-json\/wp\/v2\/posts"}],"about":[{"href":"https:\/\/www.europesays.com\/pt\/wp-json\/wp\/v2\/types\/post"}],"author":[{"embeddable":true,"href":"https:\/\/www.europesays.com\/pt\/wp-json\/wp\/v2\/users\/2"}],"replies":[{"embeddable":true,"href":"https:\/\/www.europesays.com\/pt\/wp-json\/wp\/v2\/comments?post=194799"}],"version-history":[{"count":0,"href":"https:\/\/www.europesays.com\/pt\/wp-json\/wp\/v2\/posts\/194799\/revisions"}],"wp:featuredmedia":[{"embeddable":true,"href":"https:\/\/www.europesays.com\/pt\/wp-json\/wp\/v2\/media\/194800"}],"wp:attachment":[{"href":"https:\/\/www.europesays.com\/pt\/wp-json\/wp\/v2\/media?parent=194799"}],"wp:term":[{"taxonomy":"category","embeddable":true,"href":"https:\/\/www.europesays.com\/pt\/wp-json\/wp\/v2\/categories?post=194799"},{"taxonomy":"post_tag","embeddable":true,"href":"https:\/\/www.europesays.com\/pt\/wp-json\/wp\/v2\/tags?post=194799"}],"curies":[{"name":"wp","href":"https:\/\/api.w.org\/{rel}","templated":true}]}}