{"id":194824,"date":"2025-12-19T14:47:08","date_gmt":"2025-12-19T14:47:08","guid":{"rendered":"https:\/\/www.europesays.com\/pt\/194824\/"},"modified":"2025-12-19T14:47:08","modified_gmt":"2025-12-19T14:47:08","slug":"guia-can-2025-marrocos-contra-a-tradicao-em-edicao-com-17-portugueses","status":"publish","type":"post","link":"https:\/\/www.europesays.com\/pt\/194824\/","title":{"rendered":"Guia CAN 2025: Marrocos contra a tradi\u00e7\u00e3o em edi\u00e7\u00e3o com 17 \u00abportugueses\u00bb"},"content":{"rendered":"<p style=\"margin-bottom:11px\">A viver um dos per\u00edodos mais auspiciosos da sua hist\u00f3ria, no que ao futebol diz respeito, Marrocos \u00e9 o anfitri\u00e3o de uma edi\u00e7\u00e3o peculiar da Ta\u00e7a das Confedera\u00e7\u00f5es Africanas (CAN), pelas datas em que se realiza, e para a qual parte como um dos principais favoritos ao t\u00edtulo. Mesmo que, neste mil\u00e9nio, a hist\u00f3ria n\u00e3o tenha favorecido por a\u00ed al\u00e9m os pa\u00edses anfitri\u00f5es. Este ano, o torneio contar\u00e1, \u00e0 partida, com 17 jogadores a competir em Portugal, sendo Mo\u00e7ambique o pa\u00eds que mais recrutou nos nossos campeonatos.<\/p>\n<p style=\"margin-bottom:11px\"><a href=\"https:\/\/maisfutebol.iol.pt\/can-2025\/internacional\/can-2025-o-calendario-completo-com-todos-os-jogos-ate-a-final\" rel=\"nofollow noopener\" target=\"_blank\">CAN 2025: o calend\u00e1rio completo at\u00e9 \u00e0 final\u00a0<\/a><\/p>\n<p>Desde o ano 2000,\u00a0num total de 13 edi\u00e7\u00f5es, apenas tr\u00eas pa\u00edses levantaram o trof\u00e9u jogando no seu pa\u00eds. Aconteceu com a Tun\u00edsia (2004), o Egito (2006) e a Costa do Marfim, h\u00e1 um ano, <a href=\"https:\/\/maisfutebol.iol.pt\/can\/nigeria\/nigeria-de-peseiro-perde-final-da-can-frente-a-costa-do-marfim\" target=\"_blank\" rel=\"nofollow noopener\">gra\u00e7as a uma reviravolta na final, frente \u00e0 Nig\u00e9ria (2-1)<\/a>, carimbada pelo <a href=\"https:\/\/maisfutebol.iol.pt\/internacional\/alemanha\/recuperado-do-cancro-haller-espera-voltar-a-jogar-ja-neste-mes\" target=\"_blank\" rel=\"nofollow noopener\">inspirador S\u00e9bastien Haller<\/a>.<\/p>\n<p>\u00c9 sobretudo contra esse hist\u00f3rico que a sele\u00e7\u00e3o marroquina, <a href=\"https:\/\/maisfutebol.iol.pt\/marrocos\/resultados\/video-medio-de-marrocos-faz-golaco-do-meio-campo-na-final-da-taca-arabe\" target=\"_blank\" rel=\"nofollow noopener\">acabada de conquistar a Ta\u00e7a \u00c1rabe<\/a>, vai lutar na CAN 2025, que pela primeira vez se joga no virar do ano para mitigar o conflito latente com os calend\u00e1rios europeus, ponto de origem de grande parte dos jogadores que v\u00e3o discutir o trof\u00e9u de campe\u00e3o africano de sele\u00e7\u00f5es.<\/p>\n<p>Um dos principais favoritos a consegui-lo, sobretudo depois de ter atingido a meia-final do Mundial 2022 (<a href=\"https:\/\/maisfutebol.iol.pt\/mundial-2022\/portugal\/portugal-eliminado-do-mundial-2022\" target=\"_blank\" rel=\"nofollow noopener\">nem Portugal escapou nessa caminhada hist\u00f3rica dos Le\u00f5es dos Atlas<\/a>), Marrocos recebe pela segunda vez a CAN. A primeira aconteceu h\u00e1 37 anos, na qual, liderados pelo goleador Hassan, antiga gl\u00f3ria de Farense e Benfica, chegaram \u00e0 meia-final.<\/p>\n<p>Como principais rivais na corrida pelo t\u00edtulo, Marrocos tem o Egito, a na\u00e7\u00e3o mais bem-sucedida na prova com sete t\u00edtulos, a Nig\u00e9ria ou o Senegal, sem descurar o potencial de pa\u00edses como a Arg\u00e9lia, a Costa do Marfim ou os Camar\u00f5es, <a href=\"https:\/\/www.google.com\/search?q=camaroes+selecionador+mais+futebol&amp;oq=camaroes+selecionador+mais+futebol&amp;gs_lcrp=EgRlZGdlKgYIABBFGDkyBggAEEUYOTIICAEQ6QcY_FXSAQg0NTQwajBqNKgCALACAA&amp;sourceid=chrome&amp;ie=UTF-8\" target=\"_blank\" rel=\"nofollow noopener\">apesar de toda a turbul\u00eancia em torno dos Le\u00f5es Indom\u00e1veis<\/a>.<\/p>\n<p> Os craques e os \u201cportugueses\u201d da CAN <\/p>\n<p>Cumprindo com a tradi\u00e7\u00e3o, a edi\u00e7\u00e3o 2025 da CAN est\u00e1 recheada de talento, grande parte dele moldado no futebol europeu. Marrocos, por exemplo, tem em Bono (Al Hilal), Achraf Hakimi (PSG) e Brahim D\u00edaz (Real Madrid) as figuras principais de uma equipa cuja intensidade \u00e9 uma das principais armas.<\/p>\n<p>No Egito, Mohamed Salah (Liverpool) e Omar Marmoush (Manchester City) s\u00e3o as estrelas da companhia, estatuto de que Victor Osimhen (Nig\u00e9ria), Riyad Mahrez (Arg\u00e9lia), Sadio Man\u00e9 (Senegal) e Bryan Mbeumo (Camar\u00f5es) tamb\u00e9m gozam.<\/p>\n<p>Dos campeonatos portugueses seguem 17 jogadores para CAN, seis deles para representar a sele\u00e7\u00e3o de Mo\u00e7ambique. Geny Catamo (Sporting) \u00e9 nome mais sonante dessa lista, sendo acompanhado por Diogo Calila (Santa Clara), Witi (Nacional), Kenys Abdala (Desp. Chaves), Kimiss Zavala (Mar\u00edtimo) e Chamito (Acad\u00e9mico de Viseu).<\/p>\n<p>Zaidu (FC Porto) integra a convocat\u00f3ria da Nig\u00e9ria, Angola contar\u00e1 com os contributos de Jonathan Buatu (Gil Vicente), Pedro Bondo (Famalic\u00e3o) e Beni Mukendi (Vit\u00f3ria), e a Costa do Marfim chamou para o torneio Ousmane Diomande (Sporting) e Konan (Gil Vicente).<\/p>\n<p>Os restantes representantes do futebol nacional na CAN s\u00e3o Iyad Mohamed (Casa Pia) e R\u00e9my Vita (Tondela), pelas ilhas Comores, Yaya Sithole (Tondela), pela \u00c1frica do Sul, Dokou Dodo (Leix\u00f5es), pelo Benim, e Amadou Dant\u00e9 (Arouca), pelo Mali. O defesa do Sp. Braga, Sekou Niakat\u00e9, tamb\u00e9m integrava a convocat\u00f3ria do selecionador maliano, \u00c9ric Chelle, <a href=\"https:\/\/maisfutebol.iol.pt\/sp-braga\/niakate\/sp-braga-niakate-sofre-lesao-muscular-e-tem-can-em-risco\" target=\"_blank\" rel=\"nofollow noopener\">mas vai falhar a prova devido a les\u00e3o<\/a>.<\/p>\n<p> Forte investimento na organiza\u00e7\u00e3o do evento <\/p>\n<p>A 35.\u00aa edi\u00e7\u00e3o da CAN vai disputar-se em nove est\u00e1dios, sediados nas cidades de Rabat, Casablanca, T\u00e2nger, Marraquexe, Agadir e Fez.<\/p>\n<p>O jogo de abertura, a 21 de dezembro, e a final, no dia 18 de janeiro, ter\u00e3o lugar no est\u00e1dio Pr\u00edncipe Moulay Abdellah, em Rabat, com capacidade para 68.700 lugares. Maior do que este apenas o est\u00e1dio Ibn Batouta, em T\u00e2nger, capaz de albergar 75.000 espectadores.<\/p>\n<p>O investimento na melhoria das infraestruturas superou os 870 milh\u00f5es de euros, por parte das autoridades marroquinas, que contam gastar cerca de dois mil milh\u00f5es de euros at\u00e9 2030, <a href=\"https:\/\/maisfutebol.iol.pt\/mundial-2030\/portugal\/oficial-portugal-espanha-e-marrocos-vao-organizar-o-mundial-2030\" target=\"_blank\" rel=\"nofollow noopener\">ano em que o pa\u00eds recebe a fase final do Mundial<\/a>, numa organiza\u00e7\u00e3o conjunta com Portugal e Espanha.<\/p>\n<p>A CAN 2025 ser\u00e1 disputada por 24 pa\u00edses. Na primeira fase, os participantes s\u00e3o espalhados por seis grupos, cada um deles com quatro sele\u00e7\u00f5es, sendo que se apuram para a fase a eliminar os dois primeiros de cada um deles, bem como os quatro melhores terceiros classificados de entre todas as s\u00e9ries.<\/p>\n<p>No total, o torneio contar\u00e1 com <a href=\"https:\/\/maisfutebol.iol.pt\/can-2025\/internacional\/can-2025-o-calendario-completo-com-todos-os-jogos-ate-a-final\" rel=\"nofollow noopener\" target=\"_blank\">52 jogos<\/a>, que ter\u00e3o o olhar atento do <strong>Maisfutebol<\/strong>. Fique atento.<\/p>\n<p><strong>OS SEIS GRUPOS DA CAN 2025:<\/strong><\/p>\n<p><strong>Grupo A<\/strong><\/p>\n<p>Marrocos<\/p>\n<p>Mali<\/p>\n<p>Z\u00e2mbia<\/p>\n<p>Ilhas Comores<\/p>\n<p><strong>Grupo B<\/strong><\/p>\n<p>Angola<\/p>\n<p>Egito<\/p>\n<p>\u00c1frica do Sul<\/p>\n<p>Zimbabu\u00e9<\/p>\n<p><strong>Grupo C<\/strong><\/p>\n<p>Nig\u00e9ria<\/p>\n<p>Tanz\u00e2nia<\/p>\n<p>Tun\u00edsia<\/p>\n<p>Uganda<\/p>\n<p><strong>Grupo D<\/strong><\/p>\n<p>Benim<\/p>\n<p>Botswana<\/p>\n<p>Rep\u00fablica Democr\u00e1tica do Congo<\/p>\n<p>Senegal<\/p>\n<p><strong>Grupo E<\/strong><\/p>\n<p>Arg\u00e9lia<\/p>\n<p>Burkina Faso<\/p>\n<p>Guin\u00e9 Equatorial<\/p>\n<p>Sud\u00e3o<\/p>\n<p><strong>Grupo F<\/strong><\/p>\n<p>Camar\u00f5es<\/p>\n<p>Costa do Marfim<\/p>\n<p>Gab\u00e3o<\/p>\n<p>Mo\u00e7ambique<\/p>\n","protected":false},"excerpt":{"rendered":"A viver um dos per\u00edodos mais auspiciosos da sua hist\u00f3ria, no que ao futebol diz respeito, Marrocos \u00e9&hellip;\n","protected":false},"author":2,"featured_media":194825,"comment_status":"","ping_status":"","sticky":false,"template":"","format":"standard","meta":{"footnotes":""},"categories":[87],"tags":[2713,956,3249,5395,38994,38988,38990,1529,135,5879,282,9010,9112,38991,23288,82,46,1959,11525,619,13428,38992,4618,32,33,47,38993,11431,423,34,134,38989,8136,2119,16315],"class_list":{"0":"post-194824","1":"post","2":"type-post","3":"status-publish","4":"format-standard","5":"has-post-thumbnail","7":"category-desporto","8":"tag-africa","9":"tag-antevisao","10":"tag-arouca","11":"tag-brahim-diaz","12":"tag-bryan-mbeumo","13":"tag-can","14":"tag-can-2025","15":"tag-casa-pia","16":"tag-desporto","17":"tag-famalicao","18":"tag-fc-porto","19":"tag-geny-catamo","20":"tag-gil-vicente","21":"tag-guia-can","22":"tag-hakimi","23":"tag-internacional","24":"tag-maisfutebol","25":"tag-marrocos","26":"tag-mohamed-salah","27":"tag-nacional","28":"tag-nacional-madeira","29":"tag-omar-marmoush","30":"tag-ousmane-diomande","31":"tag-portugal","32":"tag-pt","33":"tag-pura-paixao","34":"tag-riyad-mahrez","35":"tag-sadio-mane","36":"tag-santa-clara","37":"tag-sporting","38":"tag-sports","39":"tag-taca-das-confederacoes-africanas","40":"tag-tondela","41":"tag-vitoria-guimaraes","42":"tag-zaidu"},"share_on_mastodon":{"url":"https:\/\/pubeurope.com\/@pt\/115746782889161658","error":""},"_links":{"self":[{"href":"https:\/\/www.europesays.com\/pt\/wp-json\/wp\/v2\/posts\/194824","targetHints":{"allow":["GET"]}}],"collection":[{"href":"https:\/\/www.europesays.com\/pt\/wp-json\/wp\/v2\/posts"}],"about":[{"href":"https:\/\/www.europesays.com\/pt\/wp-json\/wp\/v2\/types\/post"}],"author":[{"embeddable":true,"href":"https:\/\/www.europesays.com\/pt\/wp-json\/wp\/v2\/users\/2"}],"replies":[{"embeddable":true,"href":"https:\/\/www.europesays.com\/pt\/wp-json\/wp\/v2\/comments?post=194824"}],"version-history":[{"count":0,"href":"https:\/\/www.europesays.com\/pt\/wp-json\/wp\/v2\/posts\/194824\/revisions"}],"wp:featuredmedia":[{"embeddable":true,"href":"https:\/\/www.europesays.com\/pt\/wp-json\/wp\/v2\/media\/194825"}],"wp:attachment":[{"href":"https:\/\/www.europesays.com\/pt\/wp-json\/wp\/v2\/media?parent=194824"}],"wp:term":[{"taxonomy":"category","embeddable":true,"href":"https:\/\/www.europesays.com\/pt\/wp-json\/wp\/v2\/categories?post=194824"},{"taxonomy":"post_tag","embeddable":true,"href":"https:\/\/www.europesays.com\/pt\/wp-json\/wp\/v2\/tags?post=194824"}],"curies":[{"name":"wp","href":"https:\/\/api.w.org\/{rel}","templated":true}]}}