{"id":194831,"date":"2025-12-19T14:51:09","date_gmt":"2025-12-19T14:51:09","guid":{"rendered":"https:\/\/www.europesays.com\/pt\/194831\/"},"modified":"2025-12-19T14:51:09","modified_gmt":"2025-12-19T14:51:09","slug":"boletim-banco-de-portugal-mais-otimista-quanto-ao-defice-de-2026","status":"publish","type":"post","link":"https:\/\/www.europesays.com\/pt\/194831\/","title":{"rendered":"Boletim. Banco de Portugal mais otimista quanto ao d\u00e9fice de 2026"},"content":{"rendered":"<p>                S\u00e3o as <a href=\"https:\/\/www.bportugal.pt\/publicacao\/boletim-economico-dezembro-2025\" target=\"_blank\" rel=\"nofollow noopener\">primeiras contas com a assinatura do novo governador<\/a>. \u00c1lvaro Santos Pereira tomou posse em setembro, quando o Banco de Portugal apresentou o \u00faltimo boletim econ\u00f3mico, mas o ent\u00e3o rec\u00e9m-empossado governador n\u00e3o quis dar a cara pelos c\u00e1lculos do antecessor, M\u00e1rio Centeno.Agora, a poucos dias do ano terminar, o banco central vem melhorar as proje\u00e7\u00f5es de junho. <\/p>\n<p>&#13;<br \/>\n<br \/>&#13;<br \/>\nO supervisor banc\u00e1rio est\u00e1 mais otimista quanto ao desempenho das contas p\u00fablicas: <b>estima um saldo nulo este ano e um d\u00e9fice de 0,4 por cento em 2026; melhor do que a anterior previs\u00e3o de 1,3 por cento<\/b>.J\u00e1 a economia dever\u00e1 crescer cerca de dois por cento este ano e acelerar para 2,3 no pr\u00f3ximo, abrandando para 1,7 por cento em 2027, fruto da execu\u00e7\u00e3o do Plano de Recupera\u00e7\u00e3o e Resili\u00eancia (PRR).&#13;\n<\/p>\n<p>\nCen\u00e1rio mais otimista tamb\u00e9m na d\u00edvida p\u00fablica. O Banco de Portugal estima que a trajet\u00f3ria de redu\u00e7\u00e3o dever\u00e1 acelerar acima do previsto e que <b>a d\u00edvida soberana recue para 88,2 por cento do PIB este ano, ficando abaixo da fasquia dos 80 por cento dentro de dois anos<\/b>.<br \/>\n          <img decoding=\"async\" itemprop=\"image\" class=\"img-fluid\"   src=\"https:\/\/www.europesays.com\/pt\/wp-content\/uploads\/2025\/12\/e6d1fa8a75acec1cd9d09225b6127fbf_N.jpg\"\/><\/p>\n<p>Jornal da Tarde | 19 de dezembro de 2025<\/p>\n<p>A infla\u00e7\u00e3o poder\u00e1 acelerar ligeiramente, tal como previa esta semana o Banco Central Europeu, mas <b>manter-se-\u00e1 em torno da meta definida de dois por cento<\/b>.<br \/>&#13;<br \/>\nInterfer\u00eancia em previs\u00f5es? &#8220;Era s\u00f3 o que faltava&#8221;<br \/>&#13;<br \/>\nO governador do Banco de Portugal veio entretanto afastar qualquer interfer\u00eancia nas previs\u00f5es macroecon\u00f3micas.<\/p>\n<p><b>&#8220;Era s\u00f3 o que faltava dizer que a mudan\u00e7a de governador pode levar a mudan\u00e7a de pr\u00e1ticas nas previs\u00f5es&#8221;<\/b>, respondeu \u00c1lvaro Santos Pereira, quando questionado sobre a diferen\u00e7a entre as estimativas do boletim econ\u00f3mico de dezembro e de junho.Em junho, o Banco de Portugal previa um d\u00e9fice de 0,1 por cento em 2025 e de 1,3 por cento em 2026.<br \/>&#13;<br \/>\n<br \/>&#13;\n<\/p>\n<p>Face \u00e0s previs\u00f5es mais otimistas, o antigo ministro da Economia sustentou que estas ficam a dever-se a um consumo mais elevado do que o esperado, al\u00e9m de &#8220;maior receita do que o estimado&#8221;.<\/p>\n<p><b>&#8220;N\u00e3o tenho o cond\u00e3o de afetar o consumo dos portugueses, n\u00e3o tenho o cond\u00e3o de afetar a receita fiscal dos portugueses, nunca interferirei nas previs\u00f5es t\u00e9cnicas do Bando de Portugal&#8221;<\/b>, insistiu.<\/p>\n<p>c\/ Lusa<br \/>&#13;\n            <\/p>\n","protected":false},"excerpt":{"rendered":"S\u00e3o as primeiras contas com a assinatura do novo governador. \u00c1lvaro Santos Pereira tomou posse em setembro, quando&hellip;\n","protected":false},"author":2,"featured_media":194702,"comment_status":"","ping_status":"","sticky":false,"template":"","format":"standard","meta":{"footnotes":""},"categories":[83],"tags":[474,24590,88,24403,28207,476,89,90,32,1283,33],"class_list":{"0":"post-194831","1":"post","2":"type-post","3":"status-publish","4":"format-standard","5":"has-post-thumbnail","7":"category-empresas","8":"tag-banco-de-portugal","9":"tag-boletim","10":"tag-business","11":"tag-crescimento","12":"tag-defice","13":"tag-economia","14":"tag-economy","15":"tag-empresas","16":"tag-portugal","17":"tag-previsoes","18":"tag-pt"},"share_on_mastodon":{"url":"https:\/\/pubeurope.com\/@pt\/115746798724766384","error":""},"_links":{"self":[{"href":"https:\/\/www.europesays.com\/pt\/wp-json\/wp\/v2\/posts\/194831","targetHints":{"allow":["GET"]}}],"collection":[{"href":"https:\/\/www.europesays.com\/pt\/wp-json\/wp\/v2\/posts"}],"about":[{"href":"https:\/\/www.europesays.com\/pt\/wp-json\/wp\/v2\/types\/post"}],"author":[{"embeddable":true,"href":"https:\/\/www.europesays.com\/pt\/wp-json\/wp\/v2\/users\/2"}],"replies":[{"embeddable":true,"href":"https:\/\/www.europesays.com\/pt\/wp-json\/wp\/v2\/comments?post=194831"}],"version-history":[{"count":0,"href":"https:\/\/www.europesays.com\/pt\/wp-json\/wp\/v2\/posts\/194831\/revisions"}],"wp:featuredmedia":[{"embeddable":true,"href":"https:\/\/www.europesays.com\/pt\/wp-json\/wp\/v2\/media\/194702"}],"wp:attachment":[{"href":"https:\/\/www.europesays.com\/pt\/wp-json\/wp\/v2\/media?parent=194831"}],"wp:term":[{"taxonomy":"category","embeddable":true,"href":"https:\/\/www.europesays.com\/pt\/wp-json\/wp\/v2\/categories?post=194831"},{"taxonomy":"post_tag","embeddable":true,"href":"https:\/\/www.europesays.com\/pt\/wp-json\/wp\/v2\/tags?post=194831"}],"curies":[{"name":"wp","href":"https:\/\/api.w.org\/{rel}","templated":true}]}}