{"id":194850,"date":"2025-12-19T15:05:45","date_gmt":"2025-12-19T15:05:45","guid":{"rendered":"https:\/\/www.europesays.com\/pt\/194850\/"},"modified":"2025-12-19T15:05:45","modified_gmt":"2025-12-19T15:05:45","slug":"construtora-de-santo-tirso-ergue-fabrica-de-gigante-dinamarquesa-que-criara-800-empregos-perto-de-vizela","status":"publish","type":"post","link":"https:\/\/www.europesays.com\/pt\/194850\/","title":{"rendered":"Construtora de Santo Tirso ergue f\u00e1brica de &#8216;gigante&#8217; dinamarquesa que criar\u00e1 800 empregos perto de Vizela"},"content":{"rendered":"<p>A Garcia Garcia, construtora sediada em Santo Tirso, est\u00e1 a construir a f\u00e1brica da Coloplast, multinacional dinamarquesa especializada em dispositivos m\u00e9dicos, que ir\u00e1 criar cerca de 800 empregos, em Felgueiras, a poucos minutos de Vizela.<\/p>\n<p>&#13;<br \/>\n&#13;<br \/>\n&#13;<\/p>\n<p>Em comunicado hoje enviado a O MINHO, a companhia tirsense salienta que \u201ceste \u00e9 um dos maiores investimentos diretos estrangeiros em Portugal dos \u00faltimos anos, um marco para a economia, que poder\u00e1 originar a cria\u00e7\u00e3o de 800 novos postos de trabalho, cujo processo de recrutamento j\u00e1 est\u00e1 em curso\u201d. <\/p>\n<p>A constru\u00e7\u00e3o da f\u00e1brica j\u00e1 come\u00e7ou em julho de 2024 e a conclus\u00e3o est\u00e1 prevista para o trimestre de 2026. <\/p>\n<p>\u201cSer\u00e1 a maior f\u00e1brica da Coloplast, devendo iniciar produ\u00e7\u00e3o no decorrer do pr\u00f3ximo ano\u201d, salienta a Garcia Garcia.<\/p>\n<p>Vai fabricar cateteres<\/p>\n<p>Em constru\u00e7\u00e3o na \u00c1rea de Acolhimento Empresarial de Alto das Barrancas, em Revinhade, Felgueiras, a nova unidade de produ\u00e7\u00e3o ser\u00e1 dedicada \u00e0 fabrica\u00e7\u00e3o de cateteres intermitentes, utilizados por pessoas com reten\u00e7\u00e3o urin\u00e1ria, como indiv\u00edduos com les\u00f5es na medula espinhal ou espinha b\u00edfida. <\/p>\n<p>\u201cEste investimento visa responder \u00e0 crescente procura global por dispositivos m\u00e9dicos, especialmente na Europa, refor\u00e7ando a sua capacidade produtiva\u201d, pode ler-se no comunicado.<\/p>\n<p>A \u2018gigante\u2019 dinamarquesa escolheu Portugal devido \u201ca fatores como m\u00e3o de obra qualificada, uma vez que o nosso pa\u00eds oferece profissionais altamente treinados; a localiza\u00e7\u00e3o estrat\u00e9gica, o que permite atender eficientemente ao mercado europeu; e ainda a sustentabilidade, com Portugal a possuir uma oferta significativa de eletricidade renov\u00e1vel e uma meta de neutralidade carb\u00f3nica at\u00e9 2050, alinhando-se com os objetivos de sustentabilidade da empresa\u201d.<\/p>\n<p>Tr\u00eas edif\u00edcios em 56.000 m2<\/p>\n<p>Com uma \u00e1rea de implanta\u00e7\u00e3o de 37.000 m2, a nova unidade da Coloplast contar\u00e1 com uma \u00e1rea total de constru\u00e7\u00e3o de 56.000 m2, distribu\u00eddos por tr\u00eas edif\u00edcios principais: um com 38.600 m2 dedicado \u00e0 produ\u00e7\u00e3o, um edif\u00edcio log\u00edstico com 5.300 m2 e ainda um bloco administrativo com 6.300 m2.<\/p>\n<p>De acordo com a Garcia Garcia, trata-se de \u201cum projeto desafiante, quer pela dimens\u00e3o, quer pela vertente t\u00e9cnica que encerra. A obra encerra tamb\u00e9m um prazo exigente, o que obriga a um planeamento proativo e rigoroso, com simultaneidade de interven\u00e7\u00f5es e tarefas no terreno\u201d.<\/p>\n<p>O edif\u00edcio de produ\u00e7\u00e3o contar\u00e1 no in\u00edcio com 11.350 m2 de salas limpas, assegurando altos padr\u00f5es de esteriliza\u00e7\u00e3o, qualidade e seguran\u00e7a na produ\u00e7\u00e3o de dispositivos m\u00e9dicos. <\/p>\n<p>Em fun\u00e7\u00e3o da complexidade e dos requisitos t\u00e9cnicos associados, o desenvolvimento das salas limpas assume-se como uns dos principais desafios deste projeto.<\/p>\n<p>A Coloplast \u00e9 especializada no desenvolvimento, produ\u00e7\u00e3o e comercializa\u00e7\u00e3o de produtos e servi\u00e7os para cuidados de sa\u00fade \u00edntima, cuidados de ostomia, cuidados de contin\u00eancia, urologia de interven\u00e7\u00e3o, tratamento avan\u00e7ado de feridas e cuidados de voz e respirat\u00f3rios. <\/p>\n<p>A empresa atualmente est\u00e1 presente em todo o mundo, com venda de produtos em mais de 100 pa\u00edses e empregando 16,5 mil trabalhadores. <\/p>\n<p>A empresa tem unidades produtivas na Hungria, China e Costa Rica, assim como pontos de produ\u00e7\u00e3o especializada nos Estados Unidos, Fran\u00e7a, Alemanha, Su\u00e9cia e Isl\u00e2ndia, e um centro de inova\u00e7\u00e3o na Dinamarca.<\/p>\n","protected":false},"excerpt":{"rendered":"A Garcia Garcia, construtora sediada em Santo Tirso, est\u00e1 a construir a f\u00e1brica da Coloplast, multinacional dinamarquesa especializada&hellip;\n","protected":false},"author":2,"featured_media":194851,"comment_status":"","ping_status":"","sticky":false,"template":"","format":"standard","meta":{"footnotes":""},"categories":[83],"tags":[88,89,90,32,33],"class_list":{"0":"post-194850","1":"post","2":"type-post","3":"status-publish","4":"format-standard","5":"has-post-thumbnail","7":"category-empresas","8":"tag-business","9":"tag-economy","10":"tag-empresas","11":"tag-portugal","12":"tag-pt"},"share_on_mastodon":{"url":"https:\/\/pubeurope.com\/@pt\/115746853608169312","error":""},"_links":{"self":[{"href":"https:\/\/www.europesays.com\/pt\/wp-json\/wp\/v2\/posts\/194850","targetHints":{"allow":["GET"]}}],"collection":[{"href":"https:\/\/www.europesays.com\/pt\/wp-json\/wp\/v2\/posts"}],"about":[{"href":"https:\/\/www.europesays.com\/pt\/wp-json\/wp\/v2\/types\/post"}],"author":[{"embeddable":true,"href":"https:\/\/www.europesays.com\/pt\/wp-json\/wp\/v2\/users\/2"}],"replies":[{"embeddable":true,"href":"https:\/\/www.europesays.com\/pt\/wp-json\/wp\/v2\/comments?post=194850"}],"version-history":[{"count":0,"href":"https:\/\/www.europesays.com\/pt\/wp-json\/wp\/v2\/posts\/194850\/revisions"}],"wp:featuredmedia":[{"embeddable":true,"href":"https:\/\/www.europesays.com\/pt\/wp-json\/wp\/v2\/media\/194851"}],"wp:attachment":[{"href":"https:\/\/www.europesays.com\/pt\/wp-json\/wp\/v2\/media?parent=194850"}],"wp:term":[{"taxonomy":"category","embeddable":true,"href":"https:\/\/www.europesays.com\/pt\/wp-json\/wp\/v2\/categories?post=194850"},{"taxonomy":"post_tag","embeddable":true,"href":"https:\/\/www.europesays.com\/pt\/wp-json\/wp\/v2\/tags?post=194850"}],"curies":[{"name":"wp","href":"https:\/\/api.w.org\/{rel}","templated":true}]}}