{"id":194908,"date":"2025-12-19T15:51:19","date_gmt":"2025-12-19T15:51:19","guid":{"rendered":"https:\/\/www.europesays.com\/pt\/194908\/"},"modified":"2025-12-19T15:51:19","modified_gmt":"2025-12-19T15:51:19","slug":"morreu-claude-berda-dono-da-vanguard-properties","status":"publish","type":"post","link":"https:\/\/www.europesays.com\/pt\/194908\/","title":{"rendered":"Morreu Claude Berda, dono da Vanguard Properties"},"content":{"rendered":"<p>        Morreu Claude Berda esta sexta-feira, dia 19 de dezembro. O bilion\u00e1rio franc\u00eas era um dos principais investidores imobili\u00e1rios na Su\u00ed\u00e7a e em Portugal. Em 2016, fundou a Vanguard Properties em Portugal, promotora de imobili\u00e1rio de luxo que inclui projetos como Castilho 203, Infinity Tower, e o empreendimento de luxo Terras da Comporta.    <\/p>\n<p>Morreu Claude Berda esta sexta-feira, dia 19 de dezembro. O bilion\u00e1rio franc\u00eas era um dos principais investidores imobili\u00e1rios na Su\u00ed\u00e7a e em Portugal.<\/p>\n<p>Em 2016, fundou a Vanguard Properties em Portugal, promotora de imobili\u00e1rio de luxo que inclui projetos como Castilho 203, Infinity Tower, e o empreendimento de luxo Terras da Comporta.<\/p>\n<p>O empres\u00e1rio investidor franco-su\u00ed\u00e7o Claude Berda (fundador do grupo AB) visitou Lisboa em outubro de 2015, onde conheceu o gestor portugu\u00eas Jos\u00e9 Cardoso Botelho. Fundou a Vanguard em 2016 e um dos maiores marcos foi a aquisi\u00e7\u00e3o dos ativos da Herdade da Comporta por\u00a0157,5 milh\u00f5es de euros\u00a0em cons\u00f3rcio com a Amorim Luxury. Este projeto evoluiu para o complexo\u00a0Terras da Comporta (Dunas e Torre), que tinha um investimento previsto de mais de mil milh\u00f5es de euros. Estes projetos est\u00e3o entretanto \u00e0 venda.<\/p>\n<p>Em declara\u00e7\u00f5es ao Jornal Econ\u00f3mico, Jos\u00e9 Cardoso Botelho, ex-CEO da Vanguard Properties, disse que \u201cfaleceu um homem extraordin\u00e1rio. Claude Berda foi um mestre na arte de antecipar o futuro e um amigo de todas as horas. O seu contributo para o setor imobili\u00e1rio e a sua vis\u00e3o para Portugal s\u00e3o patrim\u00f3nios que perdurar\u00e3o. Neste momento de dor, as minhas preces e pensamentos est\u00e3o com a sua fam\u00edlia\u201d.<\/p>\n<p>Claude Berda, nasceu a 3 de fevereiro de 1947 em Paris , \u00e9 um empres\u00e1rio audiovisual franc\u00eas e bilion\u00e1rio, naturalizado su\u00ed\u00e7o em 2013 .<\/p>\n<p>\u00c9 cofundador e presidente do AB Groupe, uma empresa francesa que possui 21 canais de televis\u00e3o e det\u00e9m um vasto cat\u00e1logo de direitos audiovisuais. Ele tem in\u00fameros investimentos financeiros e imobili\u00e1rios na Su\u00ed\u00e7a, onde possui uma fortuna consider\u00e1vel.<\/p>\n<p>\u00a0<\/p>\n","protected":false},"excerpt":{"rendered":"Morreu Claude Berda esta sexta-feira, dia 19 de dezembro. O bilion\u00e1rio franc\u00eas era um dos principais investidores imobili\u00e1rios&hellip;\n","protected":false},"author":2,"featured_media":194909,"comment_status":"","ping_status":"","sticky":false,"template":"","format":"standard","meta":{"footnotes":""},"categories":[85],"tags":[114,115,32,33,39008],"class_list":{"0":"post-194908","1":"post","2":"type-post","3":"status-publish","4":"format-standard","5":"has-post-thumbnail","7":"category-entretenimento","8":"tag-entertainment","9":"tag-entretenimento","10":"tag-portugal","11":"tag-pt","12":"tag-vanguard-properties"},"share_on_mastodon":{"url":"https:\/\/pubeurope.com\/@pt\/115747034486754640","error":""},"_links":{"self":[{"href":"https:\/\/www.europesays.com\/pt\/wp-json\/wp\/v2\/posts\/194908","targetHints":{"allow":["GET"]}}],"collection":[{"href":"https:\/\/www.europesays.com\/pt\/wp-json\/wp\/v2\/posts"}],"about":[{"href":"https:\/\/www.europesays.com\/pt\/wp-json\/wp\/v2\/types\/post"}],"author":[{"embeddable":true,"href":"https:\/\/www.europesays.com\/pt\/wp-json\/wp\/v2\/users\/2"}],"replies":[{"embeddable":true,"href":"https:\/\/www.europesays.com\/pt\/wp-json\/wp\/v2\/comments?post=194908"}],"version-history":[{"count":0,"href":"https:\/\/www.europesays.com\/pt\/wp-json\/wp\/v2\/posts\/194908\/revisions"}],"wp:featuredmedia":[{"embeddable":true,"href":"https:\/\/www.europesays.com\/pt\/wp-json\/wp\/v2\/media\/194909"}],"wp:attachment":[{"href":"https:\/\/www.europesays.com\/pt\/wp-json\/wp\/v2\/media?parent=194908"}],"wp:term":[{"taxonomy":"category","embeddable":true,"href":"https:\/\/www.europesays.com\/pt\/wp-json\/wp\/v2\/categories?post=194908"},{"taxonomy":"post_tag","embeddable":true,"href":"https:\/\/www.europesays.com\/pt\/wp-json\/wp\/v2\/tags?post=194908"}],"curies":[{"name":"wp","href":"https:\/\/api.w.org\/{rel}","templated":true}]}}