{"id":194916,"date":"2025-12-19T15:57:15","date_gmt":"2025-12-19T15:57:15","guid":{"rendered":"https:\/\/www.europesays.com\/pt\/194916\/"},"modified":"2025-12-19T15:57:15","modified_gmt":"2025-12-19T15:57:15","slug":"laura-neiva-reune-os-tres-filhos-com-chay-suede-em-foto-rara","status":"publish","type":"post","link":"https:\/\/www.europesays.com\/pt\/194916\/","title":{"rendered":"Laura Neiva re\u00fane os tr\u00eas filhos com Chay Suede em foto rara"},"content":{"rendered":"<p>Discreta com sua vida pessoal, a modelo\u00a0<a href=\"https:\/\/caras.com.br\/tags\/laura-neiva\" target=\"_blank\" rel=\"noopener nofollow\"><strong>Laura Neiva<\/strong><\/a> encantou os seguidores das redes sociais nesta quinta-feira, 18, ao compartilhar cliques in\u00e9ditos de seus tr\u00eas filhos, <strong>Maria<\/strong>, de 6 anos, <strong>Jos\u00e9<\/strong>, de 4, e <strong>Ana<\/strong>, que\u00a0<a href=\"https:\/\/caras.com.br\/festas\/laura-neiva-comemora-primeiro-ano-da-filha-cacula-com-festa-com-tema-inusitado.phtml\" rel=\"nofollow noopener\" target=\"_blank\">completou 1 aninho de vida recentemente<\/a>. Os pequenos s\u00e3o\u00a0frutos do seu casamento com o ator <a href=\"https:\/\/caras.com.br\/tags\/chay-suede\" rel=\"nofollow noopener\" target=\"_blank\"><strong>Chay Suede.<\/strong><\/a><\/p>\n<p>Durante o per\u00edodo de f\u00e9rias escolares, ela mostrou que as crian\u00e7as est\u00e3o brincando juntas na casa da fam\u00edlia. \u00c0 esquerda, a mais velha aparece sorridente e empurrando um carrinho pequeno.<\/p>\n<p>Dentro do carrinho, est\u00e1 a ca\u00e7ula, que segura um objeto pequeno. Ao lado, o menino est\u00e1 fazendo careta e mostrando a l\u00edngua, transmitindo o clima de descontra\u00e7\u00e3o da brincadeira.<\/p>\n<p> Veja: <img loading=\"lazy\" decoding=\"async\" class=\"size-full wp-image-1047002 img-fluid lazy\" alt=\"Os filhos de Laura Neiva e Chay Suede - Foto: Instagram @neivalaura\" width=\"800\" height=\"1422\" src=\"https:\/\/www.europesays.com\/pt\/wp-content\/uploads\/2025\/12\/chay.jpg\"  \/>Os filhos de Laura Neiva e Chay Suede \u2013 Foto: Instagram @neivalaura O tema inusitado do primeiro anivers\u00e1rio de Ana <\/p>\n<p>A filha mais nova de Chay Suede e Laura Neiva, Ana, completou seu primeiro ano em novembro. Para celebrar a data, a fam\u00edlia organizou uma festa com o tema escolhido a partir do apelido carinhoso da pequena: Ratinha. No topo do bolo, uma ratinha vestida de rosa decorava a comemora\u00e7\u00e3o.<\/p>\n<p>\u201cMinha ratinha pequenina, meu grudinho, voc\u00ea chegou pra completar nossa fam\u00edlia. Parab\u00e9ns pelo seu primeiro ano de vida, \u00e9 boa demais a vida com voc\u00ea\u201d, escreveu a m\u00e3e na legenda ao publicar os registros do dia especial. <a href=\"https:\/\/caras.com.br\/festas\/laura-neiva-comemora-primeiro-ano-da-filha-cacula-com-festa-com-tema-inusitado.phtml\" rel=\"nofollow noopener\" target=\"_blank\">Veja as fotos aqui!<\/a><\/p>\n<p> O relacionamento de Laura Neiva e Chay Suede <\/p>\n<p>Em 2024, durante uma participa\u00e7\u00e3o no programa Mais Voc\u00ea,\u00a0<a href=\"https:\/\/caras.com.br\/atualidades\/chay-suede-relembra-inicio-de-relacionamento-com-laura-neiva-apaixonado.phtml\" rel=\"nofollow noopener\" target=\"_blank\">Chay Suede contou para Ana Maria Braga como conheceu a esposa Laura Neiva. <\/a>Os dois est\u00e3o juntos h\u00e1 mais de dez anos. \u201cConheci a Laurinha quando a gente fez um filme juntos em 2013, mas a gente s\u00f3 come\u00e7ou a namorar mesmo em 2014. S\u00e3o dez anos\u2026 Juntos h\u00e1 dez e casados h\u00e1 cinco\u201d, contou o ator no programa.<\/p>\n<p>Al\u00e9m disso, ele contou como foi o pedido de casamento. \u201cFoi quando a gente se mudou de vez para S\u00e3o Paulo. Eu sou de Vit\u00f3ria, Laurinha \u00e9 paulista. E a gente estava morando no Rio, porque eu estava sempre trabalhando l\u00e1. E quando a gente decidiu casar, ela falou: \u2018Vamos casar no jardim de casa\u2019. \u00c9 uma casa que a gente reformou junto\u2026\u201d.<\/p>\n<p><strong>Leia tamb\u00e9m<\/strong>:\u00a0<a href=\"https:\/\/caras.com.br\/viagem\/chay-suede-revela-como-foi-viajar-com-os-tres-filhos-pequenos-sem-baba-caos.phtml\" rel=\"nofollow noopener\" target=\"_blank\">Chay Suede revela como foi viajar com os tr\u00eas filhos pequenos sem bab\u00e1: \u201cCaos\u201d<\/a><\/p>\n<p>\t <img loading=\"lazy\" decoding=\"async\" class=\"size-full wp-image-940731 img-fluid lazy\" alt=\"Laura Neiva e Chay Suede\" width=\"1920\" height=\"1080\" src=\"https:\/\/www.europesays.com\/pt\/wp-content\/uploads\/2025\/12\/laura-neiva_9a32w9xy.jpg\"\/>Laura Neiva e Chay Suede \u2013 Foto: Reprodu\u00e7\u00e3o\/Instagram <img loading=\"lazy\" decoding=\"async\" class=\"size-full wp-image-950008 img-fluid lazy\" alt=\"Laura Neiva, Chay Suede e os filhos, Jos\u00e9 e Maria\" width=\"1920\" height=\"1080\" src=\"https:\/\/www.europesays.com\/pt\/wp-content\/uploads\/2025\/12\/laura-neiva-e-chay-suede.jpg\"\/>Laura Neiva, Chay Suede e os filhos, Jos\u00e9 e Maria \u2013 Foto: Reprodu\u00e7\u00e3o \/ Instagram <\/p>\n<blockquote class=\"instagram-media\" style=\"background: #FFF; border: 0; border-radius: 3px; box-shadow: 0 0 1px 0 rgba(0,0,0,0.5),0 1px 10px 0 rgba(0,0,0,0.15); margin: 1px; max-width: 540px; min-width: 326px; padding: 0; width: calc(100% - 2px);\" data-instgrm-captioned=\"\" data-instgrm-permalink=\"https:\/\/www.instagram.com\/p\/DSL41ecCWBW\/?utm_source=ig_embed&amp;utm_campaign=loading\" data-instgrm-version=\"14\"><\/blockquote>\n<p>        <a href=\"https:\/\/caras.com.br\/autor\/juliana-dracz\" rel=\"nofollow noopener\" target=\"_blank\">&#13;<br \/>\n          <img loading=\"lazy\" decoding=\"async\" alt=\"Juliana Dracz\" src=\"https:\/\/www.europesays.com\/pt\/wp-content\/uploads\/2025\/09\/436551461_2434711450057729_5105646040807821088_n_sqmd.png\" class=\"avatar avatar-115 photo rounded-circle\" height=\"115\" width=\"115\"\/>        <\/a><\/p>\n<p>Juliana Dracz \u00e9 rep\u00f3rter de conte\u00fado do site CARAS. Formada em Jornalismo pela Universidade Cat\u00f3lica de Bras\u00edlia, ela j\u00e1 trabalhou em grandes sites de entretenimento. Atualmente, escreve sobre novelas, celebridades e TV.<\/p>\n<p>\t                                            <script async src=\"\/\/www.instagram.com\/embed.js\"><\/script><\/p>\n","protected":false},"excerpt":{"rendered":"Discreta com sua vida pessoal, a modelo\u00a0Laura Neiva encantou os seguidores das redes sociais nesta quinta-feira, 18, ao&hellip;\n","protected":false},"author":2,"featured_media":194917,"comment_status":"","ping_status":"","sticky":false,"template":"","format":"standard","meta":{"footnotes":""},"categories":[145],"tags":[211,210,14339,114,115,14340,32,33],"class_list":{"0":"post-194916","1":"post","2":"type-post","3":"status-publish","4":"format-standard","5":"has-post-thumbnail","7":"category-celebridades","8":"tag-celebridades","9":"tag-celebrities","10":"tag-chay-suede","11":"tag-entertainment","12":"tag-entretenimento","13":"tag-laura-neiva","14":"tag-portugal","15":"tag-pt"},"share_on_mastodon":{"url":"https:\/\/pubeurope.com\/@pt\/115747058479417887","error":""},"_links":{"self":[{"href":"https:\/\/www.europesays.com\/pt\/wp-json\/wp\/v2\/posts\/194916","targetHints":{"allow":["GET"]}}],"collection":[{"href":"https:\/\/www.europesays.com\/pt\/wp-json\/wp\/v2\/posts"}],"about":[{"href":"https:\/\/www.europesays.com\/pt\/wp-json\/wp\/v2\/types\/post"}],"author":[{"embeddable":true,"href":"https:\/\/www.europesays.com\/pt\/wp-json\/wp\/v2\/users\/2"}],"replies":[{"embeddable":true,"href":"https:\/\/www.europesays.com\/pt\/wp-json\/wp\/v2\/comments?post=194916"}],"version-history":[{"count":0,"href":"https:\/\/www.europesays.com\/pt\/wp-json\/wp\/v2\/posts\/194916\/revisions"}],"wp:featuredmedia":[{"embeddable":true,"href":"https:\/\/www.europesays.com\/pt\/wp-json\/wp\/v2\/media\/194917"}],"wp:attachment":[{"href":"https:\/\/www.europesays.com\/pt\/wp-json\/wp\/v2\/media?parent=194916"}],"wp:term":[{"taxonomy":"category","embeddable":true,"href":"https:\/\/www.europesays.com\/pt\/wp-json\/wp\/v2\/categories?post=194916"},{"taxonomy":"post_tag","embeddable":true,"href":"https:\/\/www.europesays.com\/pt\/wp-json\/wp\/v2\/tags?post=194916"}],"curies":[{"name":"wp","href":"https:\/\/api.w.org\/{rel}","templated":true}]}}