{"id":194920,"date":"2025-12-19T16:02:26","date_gmt":"2025-12-19T16:02:26","guid":{"rendered":"https:\/\/www.europesays.com\/pt\/194920\/"},"modified":"2025-12-19T16:02:26","modified_gmt":"2025-12-19T16:02:26","slug":"velozes-e-furiosos-11-tyrese-gibson-celebra-suposta-escalacao-de-cristiano-ronaldo-com-foto-de-ia","status":"publish","type":"post","link":"https:\/\/www.europesays.com\/pt\/194920\/","title":{"rendered":"Velozes e Furiosos 11 | Tyrese Gibson celebra suposta escala\u00e7\u00e3o de Cristiano Ronaldo com foto de IA"},"content":{"rendered":"<p class=\"wp-block-yoast-seo-estimated-reading-time yoast-reading-time__wrapper\">Estimated reading time: 2 minutos<\/p>\n<p>O astro do futebol <strong>Cristiano Ronaldo<\/strong> pode ser a mais nova adi\u00e7\u00e3o \u00e0 franquia <a href=\"https:\/\/ovicio.com.br\/tag\/velozes-e-furiosos-11\/\" rel=\"nofollow noopener\" target=\"_blank\">Velozes e Furiosos<\/a>. O ator <a href=\"https:\/\/ovicio.com.br\/tag\/Vin-Diesel\/\" rel=\"nofollow noopener\" target=\"_blank\">Vin Diesel<\/a>, que praticamente comanda a saga por conta pr\u00f3pria, revelou ter escrito um papel para o <strong>CR7<\/strong> no 11\u00ba filme da franquia. Ainda n\u00e3o h\u00e1 nada certo, mas <strong>Tyrese Gibson<\/strong> n\u00e3o quer saber.<\/p>\n<p>Por meio de suas redes sociais, Gibson compartilhou uma imagem gerada por IA, comemorando a suposta escala\u00e7\u00e3o do jogador em <strong>Velozes e Furiosos 11<\/strong>. Ele escreveu: <strong>&#8220;Bem-vindo \u00e0 fam\u00edlia, Cristiano. A dan\u00e7a global acabou de atingir novos patamares!&#8221;<\/strong><\/p>\n<p>Veja a postagem abaixo.<\/p>\n<p><strong>Velozes e Furiosos 11<\/strong> esteve cercado de incertezas nos \u00faltimos meses, principalmente com o ator <strong>Vin Diesel<\/strong> respondendo a um processo por suposto abuso contra uma antiga assistente pessoal. Agora que o processo foi arquivado (devido a uma quest\u00e3o t\u00e9cnica de jurisdi\u00e7\u00e3o), parece mais prov\u00e1vel que o novo filme saia do papel, mas pouca coisa parece garantida, incluindo a poss\u00edvel adi\u00e7\u00e3o de <strong>Cristiano Ronaldo<\/strong> ao elenco.<\/p>\n<p>Ainda n\u00e3o h\u00e1 previs\u00e3o de lan\u00e7amento para <strong>Velozes e Furiosos 11<\/strong>, com <strong>Vin Diesel<\/strong>.<\/p>\n<p>Leia tamb\u00e9m sobre Velozes e Furiosos 11:<\/p>\n","protected":false},"excerpt":{"rendered":"Estimated reading time: 2 minutos O astro do futebol Cristiano Ronaldo pode ser a mais nova adi\u00e7\u00e3o \u00e0&hellip;\n","protected":false},"author":2,"featured_media":194921,"comment_status":"","ping_status":"","sticky":false,"template":"","format":"standard","meta":{"footnotes":""},"categories":[140],"tags":[667,114,115,147,148,146,32,33,29262,37907,25632],"class_list":{"0":"post-194920","1":"post","2":"type-post","3":"status-publish","4":"format-standard","5":"has-post-thumbnail","7":"category-filmes","8":"tag-cristiano-ronaldo","9":"tag-entertainment","10":"tag-entretenimento","11":"tag-film","12":"tag-filmes","13":"tag-movies","14":"tag-portugal","15":"tag-pt","16":"tag-tyrese-gibson","17":"tag-velozes-e-furiosos-11","18":"tag-vin-diesel"},"share_on_mastodon":{"url":"https:\/\/pubeurope.com\/@pt\/115747078128513588","error":""},"_links":{"self":[{"href":"https:\/\/www.europesays.com\/pt\/wp-json\/wp\/v2\/posts\/194920","targetHints":{"allow":["GET"]}}],"collection":[{"href":"https:\/\/www.europesays.com\/pt\/wp-json\/wp\/v2\/posts"}],"about":[{"href":"https:\/\/www.europesays.com\/pt\/wp-json\/wp\/v2\/types\/post"}],"author":[{"embeddable":true,"href":"https:\/\/www.europesays.com\/pt\/wp-json\/wp\/v2\/users\/2"}],"replies":[{"embeddable":true,"href":"https:\/\/www.europesays.com\/pt\/wp-json\/wp\/v2\/comments?post=194920"}],"version-history":[{"count":0,"href":"https:\/\/www.europesays.com\/pt\/wp-json\/wp\/v2\/posts\/194920\/revisions"}],"wp:featuredmedia":[{"embeddable":true,"href":"https:\/\/www.europesays.com\/pt\/wp-json\/wp\/v2\/media\/194921"}],"wp:attachment":[{"href":"https:\/\/www.europesays.com\/pt\/wp-json\/wp\/v2\/media?parent=194920"}],"wp:term":[{"taxonomy":"category","embeddable":true,"href":"https:\/\/www.europesays.com\/pt\/wp-json\/wp\/v2\/categories?post=194920"},{"taxonomy":"post_tag","embeddable":true,"href":"https:\/\/www.europesays.com\/pt\/wp-json\/wp\/v2\/tags?post=194920"}],"curies":[{"name":"wp","href":"https:\/\/api.w.org\/{rel}","templated":true}]}}