{"id":194941,"date":"2025-12-19T16:19:14","date_gmt":"2025-12-19T16:19:14","guid":{"rendered":"https:\/\/www.europesays.com\/pt\/194941\/"},"modified":"2025-12-19T16:19:14","modified_gmt":"2025-12-19T16:19:14","slug":"prefeitura-de-penedo-realiza-dia-d-do-dezembro-vermelho-com-acoes-educativas-nos-postos-de-saude","status":"publish","type":"post","link":"https:\/\/www.europesays.com\/pt\/194941\/","title":{"rendered":"Prefeitura de Penedo realiza Dia D do Dezembro Vermelho com a\u00e7\u00f5es educativas nos postos de sa\u00fade"},"content":{"rendered":"<p>            <a href=\"https:\/\/penedo.al.gov.br\/wp-content\/uploads\/2025\/12\/dia-d-dezembro-vermelho-sms-penedo-7.avif\" data-caption=\"\" rel=\"nofollow noopener\" target=\"_blank\"><img loading=\"lazy\" decoding=\"async\" width=\"1280\" height=\"960\" class=\"entry-thumb td-modal-image\" src=\"https:\/\/penedo.al.gov.br\/wp-content\/uploads\/2025\/12\/dia-d-dezembro-vermelho-sms-penedo-7.avif\"   alt=\"\" title=\"dia-d-dezembro-vermelho-sms-penedo (7)\"\/><\/a><\/p>\n<p>Nesta quinta-feira (18), a Prefeitura de Penedo, por meio da Secretaria Municipal de Sa\u00fade (SMS), realizou o Dia D do Dezembro Vermelho nos postos de sa\u00fade, refor\u00e7ando a import\u00e2ncia da preven\u00e7\u00e3o, do diagn\u00f3stico precoce e do combate ao HIV\/Aids e outras Infec\u00e7\u00f5es Sexualmente Transmiss\u00edveis (ISTs).<\/p>\n<p>A a\u00e7\u00e3o conscientiza sobre a import\u00e2ncia de usar preservativos e informou que os testes r\u00e1pidos para HIV, s\u00edfilis e hepatites virais est\u00e3o dispon\u00edveis gratuitamente nos postos, com atendimento humanizado e sigilo totalmente garantido, assegurando privacidade e seguran\u00e7a aos usu\u00e1rios.\u00a0<\/p>\n<p>A iniciativa da Secretaria de Sa\u00fade de Penedo facilita o acesso \u00e0 preven\u00e7\u00e3o e incentiva a realiza\u00e7\u00e3o dos testes como forma de cuidado e responsabilidade com a pr\u00f3pria sa\u00fade e a do pr\u00f3ximo.<\/p>\n<p><img data-dominant-color=\"978485\" data-has-transparency=\"false\" style=\"--dominant-color: #978485;\" fetchpriority=\"high\" decoding=\"async\" class=\"alignnone size-full wp-image-106338 not-transparent\" src=\"https:\/\/penedo.al.gov.br\/wp-content\/uploads\/2025\/12\/dia-d-dezembro-vermelho-sms-penedo-10.avif\" alt=\"\" width=\"1280\" height=\"960\"  \/><\/p>\n<p>O Dia D de Dezembro Vermelho contou ainda com palestras educativas conduzidas por m\u00e9dicos e enfermeiros, abordando temas como preven\u00e7\u00e3o, formas de transmiss\u00e3o, import\u00e2ncia do uso do preservativo e a necessidade do acompanhamento m\u00e9dico em caso de diagn\u00f3stico positivo, esclarecendo d\u00favidas da popula\u00e7\u00e3o.<\/p>\n<p>Uma das pessoas presentes na a\u00e7\u00e3o, que n\u00e3o ter\u00e1 seu nome divulgado, destacou a import\u00e2ncia da iniciativa e relatou a sensa\u00e7\u00e3o de al\u00edvio ap\u00f3s realizar os exames. \u201cEu sempre tive medo de fazer o teste, mas o pessoal do posto me atendeu super bem e tive a garantia de sigilo. Quando recebi o resultado e vi que estava tudo bem, fiquei muito feliz e aliviada\u201d, afirmou.<\/p>\n<p>O Dezembro Vermelho \u00e9 uma campanha nacional de mobiliza\u00e7\u00e3o e conscientiza\u00e7\u00e3o, e a Prefeitura de Penedo reafirma refor\u00e7a o compromisso com a promo\u00e7\u00e3o da sa\u00fade. Na quarta-feira (17), tamb\u00e9m foi realizada uma a\u00e7\u00e3o da equipe do PSF Vila Matias no Grupo Vital, uma parceria que realiza palestras educativas aos colaboradores sobre temas importantes.<\/p>\n<p><img loading=\"lazy\" data-dominant-color=\"887066\" data-has-transparency=\"false\" style=\"--dominant-color: #887066;\" decoding=\"async\" class=\"alignnone size-full wp-image-106332 not-transparent\" src=\"https:\/\/penedo.al.gov.br\/wp-content\/uploads\/2025\/12\/dia-d-dezembro-vermelho-sms-penedo-2.avif\" alt=\"\" width=\"1280\" height=\"960\"  \/><\/p>\n<p><strong>\u201cEstamos no m\u00eas conhecido como Dezembro Vermelho, que trata sobre conscientiza\u00e7\u00e3o e preven\u00e7\u00e3o sobre o HIV. Tivemos uma conversa onde abordamos temas como preven\u00e7\u00e3o, formas de transmiss\u00e3o e tamb\u00e9m sobre a necessidade e a import\u00e2ncia de procurar o servi\u00e7o de sa\u00fade para fazer testes r\u00e1pidos de forma gratuita para infec\u00e7\u00f5es sexualmente transmiss\u00edveis\u201d, disse a Dra. Suzanny Moreira.<\/strong><\/p>\n<p>Para a Secret\u00e1ria Municipal de Sa\u00fade, Waninna Mendon\u00e7a, o Dezembro Vermelho \u00e9 um momento de refor\u00e7ar a import\u00e2ncia da preven\u00e7\u00e3o, da informa\u00e7\u00e3o e do cuidado. \u201cNos nossos postos de sa\u00fade, a popula\u00e7\u00e3o tem acesso gratuito aos testes r\u00e1pidos, com atendimento humanizado e sigilo garantido. Falar sobre HIV e outras ISTs \u00e9 cuidar de si e do outro. A Prefeitura de Penedo segue firme no compromisso de promover sa\u00fade, combater o preconceito e garantir acesso para todos\u201d, afirma a gestora da SMS.<\/p>\n<p><strong>Por Assessoria SMS<\/strong><\/p>\n<p><strong>Texto: Gabriela Flores \u2013 jornalista e social midia<\/strong><\/p>\n<p>\u00a0<\/p>\n","protected":false},"excerpt":{"rendered":"Nesta quinta-feira (18), a Prefeitura de Penedo, por meio da Secretaria Municipal de Sa\u00fade (SMS), realizou o Dia&hellip;\n","protected":false},"author":2,"featured_media":194942,"comment_status":"","ping_status":"","sticky":false,"template":"","format":"standard","meta":{"footnotes":""},"categories":[86],"tags":[35359,116,1175,2053,27857,32,39009,33,117,39010,17268],"class_list":{"0":"post-194941","1":"post","2":"type-post","3":"status-publish","4":"format-standard","5":"has-post-thumbnail","7":"category-saude","8":"tag-dezembro-vermelho","9":"tag-health","10":"tag-hiv","11":"tag-ists","12":"tag-penedo","13":"tag-portugal","14":"tag-prefeitura-de-penedo","15":"tag-pt","16":"tag-saude","17":"tag-secretaria-de-saude-de-penedo","18":"tag-sms"},"share_on_mastodon":{"url":"https:\/\/pubeurope.com\/@pt\/115747144929952688","error":""},"_links":{"self":[{"href":"https:\/\/www.europesays.com\/pt\/wp-json\/wp\/v2\/posts\/194941","targetHints":{"allow":["GET"]}}],"collection":[{"href":"https:\/\/www.europesays.com\/pt\/wp-json\/wp\/v2\/posts"}],"about":[{"href":"https:\/\/www.europesays.com\/pt\/wp-json\/wp\/v2\/types\/post"}],"author":[{"embeddable":true,"href":"https:\/\/www.europesays.com\/pt\/wp-json\/wp\/v2\/users\/2"}],"replies":[{"embeddable":true,"href":"https:\/\/www.europesays.com\/pt\/wp-json\/wp\/v2\/comments?post=194941"}],"version-history":[{"count":0,"href":"https:\/\/www.europesays.com\/pt\/wp-json\/wp\/v2\/posts\/194941\/revisions"}],"wp:featuredmedia":[{"embeddable":true,"href":"https:\/\/www.europesays.com\/pt\/wp-json\/wp\/v2\/media\/194942"}],"wp:attachment":[{"href":"https:\/\/www.europesays.com\/pt\/wp-json\/wp\/v2\/media?parent=194941"}],"wp:term":[{"taxonomy":"category","embeddable":true,"href":"https:\/\/www.europesays.com\/pt\/wp-json\/wp\/v2\/categories?post=194941"},{"taxonomy":"post_tag","embeddable":true,"href":"https:\/\/www.europesays.com\/pt\/wp-json\/wp\/v2\/tags?post=194941"}],"curies":[{"name":"wp","href":"https:\/\/api.w.org\/{rel}","templated":true}]}}