{"id":194969,"date":"2025-12-19T16:48:16","date_gmt":"2025-12-19T16:48:16","guid":{"rendered":"https:\/\/www.europesays.com\/pt\/194969\/"},"modified":"2025-12-19T16:48:16","modified_gmt":"2025-12-19T16:48:16","slug":"video-surfista-britanica-afirma-ter-batido-novo-recorde-na-nazare","status":"publish","type":"post","link":"https:\/\/www.europesays.com\/pt\/194969\/","title":{"rendered":"V\u00cdDEO: surfista brit\u00e2nica afirma ter batido novo recorde na Nazar\u00e9"},"content":{"rendered":"<p>\t                Laura Crane acredita ter ultrapassado a fasquia da maior onda jamais surfada por uma mulher<\/p>\n<p>Pode ter sa\u00eddo do \u00faltimo Nazar\u00e9 Big Wave Challenge, no s\u00e1bado, um novo recorde mundial. Pelo menos \u00e9 o que afirma Laura Crane, surfista brit\u00e2nica, origin\u00e1ria de Devon, que acredita ter batido o recorde de maior onda surfada por uma mulher.<\/p>\n<p>Atualmente, o m\u00e1ximo fixado \u00e9 de 22.4 metros, pela brasileira Maya Gabeira, tamb\u00e9m na Nazar\u00e9. Laura espera agora pelas medi\u00e7\u00f5es da entidade que organiza o evento na Nazar\u00e9 para perceber se realmente ultrapassou essa fasquia.\u00a0<\/p>\n<p>\u00abAp\u00f3s surfar esta onda senti uma grande sensa\u00e7\u00e3o de felicidade. Ao olhar para a onda por cima do ombro senti um grande choque. Nunca tinha visto uma t\u00e3o grande na minha vida. H\u00e1 tamb\u00e9m uma sensa\u00e7\u00e3o de medo e \u00e9 preciso confiar em ti mesmo, na prancha e na pr\u00f3pria onda\u00bb, afirmou a surfista \u00e0 BBC.<\/p>\n<p>Laura Crane \u00e9 conhecida por tentar surfar ondas de grande dimens\u00e3o. Tamb\u00e9m ganhou reconhecimento no Reino Unido ap\u00f3s participar no reality show\u00a0&#8216;Love Island&#8217;.<\/p>\n<p>No cap\u00edtulo masculino, a maior onda surfada teve a autoria do alem\u00e3o Sebastian Steudtner, em 2020, na Nazar\u00e9. Atingiu os 26.21 metros (!).<\/p>\n<p>\u00a0<\/p>\n","protected":false},"excerpt":{"rendered":"Laura Crane acredita ter ultrapassado a fasquia da maior onda jamais surfada por uma mulher Pode ter sa\u00eddo&hellip;\n","protected":false},"author":2,"featured_media":194970,"comment_status":"","ping_status":"","sticky":false,"template":"","format":"standard","meta":{"footnotes":""},"categories":[87],"tags":[609,836,611,27,607,608,333,832,604,135,610,476,301,830,603,39023,570,39024,831,833,1830,62,5563,39022,834,13,835,602,52,32,33,134,8211,29],"class_list":{"0":"post-194969","1":"post","2":"type-post","3":"status-publish","4":"format-standard","5":"has-post-thumbnail","7":"category-desporto","8":"tag-alerta","9":"tag-analise","10":"tag-ao-minuto","11":"tag-breaking-news","12":"tag-cnn","13":"tag-cnn-portugal","14":"tag-comentadores","15":"tag-costa","16":"tag-crime","17":"tag-desporto","18":"tag-direto","19":"tag-economia","20":"tag-governo","21":"tag-guerra","22":"tag-justica","23":"tag-laura-crane","24":"tag-live","25":"tag-love-island","26":"tag-mais-vistas","27":"tag-marcelo","28":"tag-modalidades","29":"tag-mundo","30":"tag-nazare","31":"tag-nazare-challenge","32":"tag-negocios","33":"tag-noticias","34":"tag-opiniao","35":"tag-pais","36":"tag-politica","37":"tag-portugal","38":"tag-pt","39":"tag-sports","40":"tag-surf","41":"tag-ultimas"},"share_on_mastodon":{"url":"https:\/\/pubeurope.com\/@pt\/115747258773804244","error":""},"_links":{"self":[{"href":"https:\/\/www.europesays.com\/pt\/wp-json\/wp\/v2\/posts\/194969","targetHints":{"allow":["GET"]}}],"collection":[{"href":"https:\/\/www.europesays.com\/pt\/wp-json\/wp\/v2\/posts"}],"about":[{"href":"https:\/\/www.europesays.com\/pt\/wp-json\/wp\/v2\/types\/post"}],"author":[{"embeddable":true,"href":"https:\/\/www.europesays.com\/pt\/wp-json\/wp\/v2\/users\/2"}],"replies":[{"embeddable":true,"href":"https:\/\/www.europesays.com\/pt\/wp-json\/wp\/v2\/comments?post=194969"}],"version-history":[{"count":0,"href":"https:\/\/www.europesays.com\/pt\/wp-json\/wp\/v2\/posts\/194969\/revisions"}],"wp:featuredmedia":[{"embeddable":true,"href":"https:\/\/www.europesays.com\/pt\/wp-json\/wp\/v2\/media\/194970"}],"wp:attachment":[{"href":"https:\/\/www.europesays.com\/pt\/wp-json\/wp\/v2\/media?parent=194969"}],"wp:term":[{"taxonomy":"category","embeddable":true,"href":"https:\/\/www.europesays.com\/pt\/wp-json\/wp\/v2\/categories?post=194969"},{"taxonomy":"post_tag","embeddable":true,"href":"https:\/\/www.europesays.com\/pt\/wp-json\/wp\/v2\/tags?post=194969"}],"curies":[{"name":"wp","href":"https:\/\/api.w.org\/{rel}","templated":true}]}}