{"id":195024,"date":"2025-12-19T17:39:17","date_gmt":"2025-12-19T17:39:17","guid":{"rendered":"https:\/\/www.europesays.com\/pt\/195024\/"},"modified":"2025-12-19T17:39:17","modified_gmt":"2025-12-19T17:39:17","slug":"a-china-fez-os-eletricos-dispararem-agora-precisa-de-lidar-com-milhoes-de-baterias","status":"publish","type":"post","link":"https:\/\/www.europesays.com\/pt\/195024\/","title":{"rendered":"A China fez os el\u00e9tricos dispararem. Agora, precisa de lidar com milh\u00f5es de baterias"},"content":{"rendered":"<p>\u00c0 medida que os primeiros carros el\u00e9tricos envelhecem, centenas de milhares de baterias usadas est\u00e3o a alimentar uma economia cinzenta de reciclagem, mesmo com a China e as grandes fabricantes a lutarem para construir um sistema mais organizado de reciclagem.<\/p>\n<p><a target=\"_blank\" href=\"https:\/\/pplware.sapo.pt\/wp-content\/uploads\/2025\/12\/reciclagem_baterias00.jpg\" onclick=\"refreshIframe()\" class=\"foobox\" rel=\"nofollow noopener\"><img fetchpriority=\"high\" decoding=\"async\" src=\"https:\/\/www.europesays.com\/pt\/wp-content\/uploads\/2025\/12\/reciclagem_baterias00-720x405.jpg\" alt=\"\" width=\"720\" height=\"405\" class=\"aligncenter size-medium wp-image-1094293\"  \/><\/a>\n<\/p>\n<p>Num artigo publicado no <a target=\"_blank\" href=\"https:\/\/www.technologyreview.com\/\" rel=\"nofollow noopener\">MIT Technology Review<\/a>, a rep\u00f3rter Caiwei Chen explorou o contexto da mobilidade el\u00e9trica na China, onde o crescimento dos ve\u00edculos alimentados a bateria est\u00e1 a resultar num problema cuja solu\u00e7\u00e3o n\u00e3o \u00e9, ainda, muito clara.<\/p>\n<p>A explos\u00e3o dos ve\u00edculos el\u00e9tricos na China<\/p>\n<p>Na \u00faltima d\u00e9cada, o pa\u00eds asi\u00e1tico conseguiu alargar verdadeiramente a presen\u00e7a de ve\u00edculos el\u00e9tricos nas suas estradas, em parte gra\u00e7as ao apoio do Governo.<\/p>\n<p>A compra de um carro el\u00e9trico passou de uma decis\u00e3o inovadora para quase \u00f3bvia. De tal forma que, no final de 2025, quase 60% dos carros novos vendidos eram el\u00e9tricos ou h\u00edbridos plug-in, no pa\u00eds asi\u00e1tico.<\/p>\n<p>Neste cen\u00e1rio, contudo, \u00e0 medida que as baterias da primeira onda de ve\u00edculos el\u00e9tricos come\u00e7am a chegar ao fim da sua vida \u00fatil, os primeiros propriet\u00e1rios est\u00e3o a come\u00e7ar a substituir os seus carros.<\/p>\n<p>Assim, os pa\u00eds est\u00e1, agora, sob larga press\u00e3o, enquanto tenta descobrir o que fazer com esses componentes desgastados.<\/p>\n<p><a target=\"_blank\" href=\"https:\/\/pplware.sapo.pt\/wp-content\/uploads\/2025\/12\/eletricos_1.jpg\" onclick=\"refreshIframe()\" class=\"foobox\" rel=\"nofollow noopener\"><img loading=\"lazy\" decoding=\"async\" src=\"https:\/\/www.europesays.com\/pt\/wp-content\/uploads\/2025\/12\/eletricos_1-720x405.jpg\" alt=\"\" width=\"720\" height=\"405\" class=\"aligncenter size-medium wp-image-1093298\"  \/><\/a><\/p>\n<p>Um novo problema para um setor ainda imaturo<\/p>\n<p>Segundo o artigo do MIT Technology Review, o problema est\u00e1 a colocar press\u00e3o sobre uma ind\u00fastria em amadurecimento: a de <a target=\"_blank\" href=\"https:\/\/pplware.sapo.pt\/tag\/reciclagem-de-baterias\/\" rel=\"nofollow noopener\">reciclagem de baterias<\/a>.<\/p>\n<p>O mercado cinzento a que a ind\u00fastria dos ve\u00edculos el\u00e9tricos deu origem, v\u00ea-se muitas vezes obrigado a ignorar as normas de seguran\u00e7a e ambientais.<\/p>\n<p>Reguladores nacionais e agentes comerciais est\u00e3o, tamb\u00e9m, a intervir, atrav\u00e9s da cria\u00e7\u00e3o de redes formais de reciclagem e programas de recolha. Contudo, at\u00e9 agora, esses esfor\u00e7os t\u00eam tido dificuldade em acompanhar o fluxo de baterias que saem de circula\u00e7\u00e3o.<\/p>\n<p>Conforme descrito, &#8220;tal como as baterias dos nossos telem\u00f3veis e computadores port\u00e1teis, as baterias dos ve\u00edculos el\u00e9tricos atuais s\u00e3o, na sua maioria, baterias de i\u00f5es de l\u00edtio, [pelo que] a sua capacidade diminui um pouco a cada ano&#8221;.<\/p>\n<p>Esta <a target=\"_blank\" href=\"https:\/\/pplware.sapo.pt\/motores\/ha-cinco-marcas-de-carros-eletricos-que-mantem-a-bateria-intacta-apos-tres-anos-de-uso\/\" rel=\"nofollow noopener\">degrada\u00e7\u00e3o<\/a> resulta num carregamento mais lento, numa bateria com menor autonomia e num carro mais propenso a problemas de seguran\u00e7a.<\/p>\n<p><a target=\"_blank\" href=\"https:\/\/pplware.sapo.pt\/wp-content\/uploads\/2024\/11\/baterias_carro_eletrico00.jpg\" onclick=\"refreshIframe()\" class=\"foobox\" rel=\"nofollow noopener\"><img loading=\"lazy\" decoding=\"async\" src=\"https:\/\/www.europesays.com\/pt\/wp-content\/uploads\/2025\/12\/baterias_carro_eletrico00-720x405.jpg\" alt=\"Baterias\" width=\"720\" height=\"405\" class=\"aligncenter size-medium wp-image-1029078\"  \/><\/a><\/p>\n<p>China &#8220;sem m\u00e3os a medir&#8221; para as baterias usadas<\/p>\n<p>Tr\u00eas profissionais que trabalham no retalho de ve\u00edculos el\u00e9tricos e na reciclagem de baterias disseram, \u00e0 publica\u00e7\u00e3o do Massachusetts Institute of Technology (MIT), que uma bateria \u00e9 frequentemente considerada pronta para ser retirada de um carro depois de a sua capacidade ter diminu\u00eddo para menos de 80%.<\/p>\n<p>A institui\u00e7\u00e3o de investiga\u00e7\u00e3o EVtank estima que o volume total anual de baterias de ve\u00edculos el\u00e9tricos &#8220;reformadas&#8221;, na China, chegar\u00e1 a 820.000 toneladas, com os totais anuais a subir para um milh\u00e3o de toneladas at\u00e9 2030.<\/p>\n<p>Na China, este monte crescente de baterias velhas est\u00e1 a come\u00e7ar a testar um ecossistema de reciclagem que est\u00e1, ainda, longe de estar totalmente maduro, embora esteja a ser for\u00e7ado a crescer rapidamente.<\/p>\n<p>No final de novembro de 2025, a China tinha cerca de 180.000 empresas envolvidas na reciclagem de baterias, e mais de 30.000 delas foram registadas desde janeiro de 2025.<\/p>\n<p>Mais de 60% das empresas foram fundadas nos \u00faltimos tr\u00eas anos, conforme citado pelo MIT Technology Review, excluindo o mercado cinzento n\u00e3o regulamentado de pequenas oficinas.<\/p>\n<p>Normalmente, acontece uma de duas coisas, quando a bateria de um ve\u00edculo el\u00e9trico \u00e9 &#8220;encostada&#8221;.<\/p>\n<ul>\n<li><strong>Utiliza\u00e7\u00e3o em cascata<\/strong>, na qual as baterias utiliz\u00e1veis s\u00e3o testadas e reaproveitadas para aplica\u00e7\u00f5es mais lentas, como armazenamento de energia ou ve\u00edculos de baixa velocidade.<\/li>\n<li><strong>Reciclagem total<\/strong>, por via do qual as c\u00e9lulas s\u00e3o desmontadas e processadas para recuperar metais como l\u00edtio, n\u00edquel, cobalto e mangan\u00eas, que s\u00e3o, depois, reutilizados para fabricar novas baterias.<\/li>\n<\/ul>\n<p>Ambos os processos, se feitos corretamente, exigem um investimento inicial significativo que muitas vezes n\u00e3o est\u00e1 ao alcance de pequenos operadores.<\/p>\n<p><a target=\"_blank\" href=\"https:\/\/pplware.sapo.pt\/wp-content\/uploads\/2023\/03\/reciclagem_baterias00.jpg\" onclick=\"refreshIframe()\" class=\"foobox\" rel=\"nofollow noopener\"><img loading=\"lazy\" decoding=\"async\" src=\"https:\/\/www.europesays.com\/pt\/wp-content\/uploads\/2025\/12\/1766165955_408_reciclagem_baterias00-720x405.jpg\" alt=\"Reciclagem de baterias\" width=\"720\" height=\"405\" class=\"aligncenter size-medium wp-image-910072\"  \/><\/a><\/p>\n<p>China est\u00e1 entre a reciclagem formal e as pr\u00e1ticas ilegais<\/p>\n<p>Centros de reciclagem de baterias menores e ilegais podem oferecer pre\u00e7os mais altos aos consumidores, uma vez que ignoram custos que os operadores formais n\u00e3o podem evitar, como prote\u00e7\u00e3o ambiental, seguran\u00e7a contra inc\u00eandios, tratamento de \u00e1guas residuais, conformidade e impostos, de acordo com os tr\u00eas profissionais de reciclagem de baterias com quem a MIT Technology Review conversou.<\/p>\n<p>Segundo Gary Lin, um trabalhador de reciclagem de baterias que trabalhou em v\u00e1rias lojas n\u00e3o licenciadas de 2022 a 2024, os processos s\u00e3o feitos de uma forma &#8220;muito bruta&#8221;, com a \u00e1gua residual usada a ser &#8220;frequentemente despejada diretamente no esgoto&#8221;.<\/p>\n<p>Esses res\u00edduos de baterias mal geridas podem liberar subst\u00e2ncias t\u00f3xicas, contaminar a \u00e1gua e o solo e criar riscos de inc\u00eandio e explos\u00e3o.<\/p>\n<p><a target=\"_blank\" href=\"https:\/\/pplware.sapo.pt\/wp-content\/uploads\/2024\/04\/reciclagem_bateria00.jpg\" onclick=\"refreshIframe()\" class=\"foobox\" rel=\"nofollow noopener\"><img loading=\"lazy\" decoding=\"async\" src=\"https:\/\/www.europesays.com\/pt\/wp-content\/uploads\/2025\/12\/reciclagem_bateria00-720x405.jpg\" alt=\"Reciclagem baterias\" width=\"720\" height=\"405\" class=\"aligncenter size-medium wp-image-988202\"  \/><\/a><\/p>\n<p>Quem deve ficar respons\u00e1vel pelo fim de vida das baterias?<\/p>\n<p>Neste cen\u00e1rio, o Governo chin\u00eas tem tentado encaminhar as baterias para instala\u00e7\u00f5es certificadas, conforme citado.<\/p>\n<p>Desde 2018, o Minist\u00e9rio da Ind\u00fastria e Tecnologia da Informa\u00e7\u00e3o da China emitiu cinco &#8220;listas brancas&#8221; de empresas de reciclagem de baterias aprovadas, totalizando agora 156 empresas.<\/p>\n<p>Apesar disso, as taxas formais de reciclagem permanecem baixas em compara\u00e7\u00e3o com o volume crescente de res\u00edduos de baterias.<\/p>\n<p>A China n\u00e3o \u00e9 apenas o maior mercado mundial de carros el\u00e9tricos. Tornou-se, tamb\u00e9m, o principal centro global de produ\u00e7\u00e3o desse tipo de ve\u00edculo e das baterias que os alimentam.<\/p>\n<p>Em 2024, o pa\u00eds foi respons\u00e1vel por mais de 70% da produ\u00e7\u00e3o global de carros el\u00e9tricos e mais da metade das vendas globais de ve\u00edculos el\u00e9tricos.<\/p>\n<p>Al\u00e9m disso, empresas como a CATL e a BYD controlam, juntas, quase metade da produ\u00e7\u00e3o global de baterias para ve\u00edculos el\u00e9tricos, de acordo com um relat\u00f3rio da Ag\u00eancia Internacional de Energia, citado pelo MIT Technology Review.<\/p>\n<p>Estas empresas est\u00e3o a intervir para oferecer solu\u00e7\u00f5es aos clientes que desejam descartar as suas baterias antigas, al\u00e9m de muitas fabricantes de autom\u00f3veis oferecerem, agora, programas de recolha ou oportunidades de troca de baterias antigas por descontos, quando os propriet\u00e1rios descartam um ve\u00edculo ou compram um novo, nos seus concession\u00e1rios.<\/p>\n<p><a target=\"_blank\" href=\"https:\/\/pplware.sapo.pt\/wp-content\/uploads\/2025\/12\/bateria_LG_tesla01.webp\" rel=\"nofollow noopener\"><img loading=\"lazy\" decoding=\"async\" src=\"https:\/\/www.europesays.com\/pt\/wp-content\/uploads\/2025\/12\/bateria_LG_tesla01-720x406.webp.webp\" alt=\"\" width=\"720\" height=\"406\" class=\"aligncenter size-medium wp-image-1091251\"  \/><\/a><\/p>\n<p>Fabricantes de carros t\u00eam o know-how para lidar com as suas baterias<\/p>\n<p>Segundo Alex Li, engenheiro de baterias sediado em Xangai, ali\u00e1s, &#8220;ningu\u00e9m est\u00e1 mais bem preparado para lidar com estas baterias do que as empresas que as fabricam&#8221;.<\/p>\n<p>Afinal, as empresas compreendem a qu\u00edmica, a cadeia de fornecimento e as utiliza\u00e7\u00f5es futuras dos materiais recuperados. Por isso, as fabricantes de carros e de baterias &#8220;precisam de criar um ciclo fechado eventualmente&#8221;.<\/p>\n<p>Apesar de a ideia de um ciclo fechado at\u00e9 poder ser vi\u00e1vel, nem todos os clientes podem receber este apoio da fabricante dos seus ve\u00edculos el\u00e9tricos, uma vez que muitas delas deixam, eventualmente, de existir.<\/p>\n<p>De acordo com o MIT Technology Review, nos \u00faltimos cinco anos, mais de 400 marcas e startups de ve\u00edculos el\u00e9tricos mais pequenas faliram, uma vez que a guerra de pre\u00e7os dificultou a sobreviv\u00eancia, restando apenas 100 marcas ativas, atualmente.<\/p>\n<p>Com mais bateria a chegarem ao mercado, Li considera que &#8220;a China precisar\u00e1 de avan\u00e7ar muito mais rapidamente em dire\u00e7\u00e3o a um sistema abrangente de fim de vida \u00fatil para baterias de ve\u00edculos el\u00e9tricos, um sistema que possa rastre\u00e1-las, reutiliz\u00e1-las e recicl\u00e1-las em larga escala, em vez de deixar tantas desaparecerem no mercado paralelo&#8221;.<\/p>\n<p>\u00a0<\/p>\n<p><strong>Leia tamb\u00e9m:<\/strong><\/p>\n","protected":false},"excerpt":{"rendered":"\u00c0 medida que os primeiros carros el\u00e9tricos envelhecem, centenas de milhares de baterias usadas est\u00e3o a alimentar uma&hellip;\n","protected":false},"author":2,"featured_media":195025,"comment_status":"","ping_status":"","sticky":false,"template":"","format":"standard","meta":{"footnotes":""},"categories":[83],"tags":[6059,88,744,358,89,90,32,33,19376],"class_list":{"0":"post-195024","1":"post","2":"type-post","3":"status-publish","4":"format-standard","5":"has-post-thumbnail","7":"category-empresas","8":"tag-bateria","9":"tag-business","10":"tag-carro-eletrico","11":"tag-china","12":"tag-economy","13":"tag-empresas","14":"tag-portugal","15":"tag-pt","16":"tag-reciclagem-de-baterias"},"share_on_mastodon":{"url":"https:\/\/pubeurope.com\/@pt\/115747459434256422","error":""},"_links":{"self":[{"href":"https:\/\/www.europesays.com\/pt\/wp-json\/wp\/v2\/posts\/195024","targetHints":{"allow":["GET"]}}],"collection":[{"href":"https:\/\/www.europesays.com\/pt\/wp-json\/wp\/v2\/posts"}],"about":[{"href":"https:\/\/www.europesays.com\/pt\/wp-json\/wp\/v2\/types\/post"}],"author":[{"embeddable":true,"href":"https:\/\/www.europesays.com\/pt\/wp-json\/wp\/v2\/users\/2"}],"replies":[{"embeddable":true,"href":"https:\/\/www.europesays.com\/pt\/wp-json\/wp\/v2\/comments?post=195024"}],"version-history":[{"count":0,"href":"https:\/\/www.europesays.com\/pt\/wp-json\/wp\/v2\/posts\/195024\/revisions"}],"wp:featuredmedia":[{"embeddable":true,"href":"https:\/\/www.europesays.com\/pt\/wp-json\/wp\/v2\/media\/195025"}],"wp:attachment":[{"href":"https:\/\/www.europesays.com\/pt\/wp-json\/wp\/v2\/media?parent=195024"}],"wp:term":[{"taxonomy":"category","embeddable":true,"href":"https:\/\/www.europesays.com\/pt\/wp-json\/wp\/v2\/categories?post=195024"},{"taxonomy":"post_tag","embeddable":true,"href":"https:\/\/www.europesays.com\/pt\/wp-json\/wp\/v2\/tags?post=195024"}],"curies":[{"name":"wp","href":"https:\/\/api.w.org\/{rel}","templated":true}]}}