{"id":195104,"date":"2025-12-19T18:47:09","date_gmt":"2025-12-19T18:47:09","guid":{"rendered":"https:\/\/www.europesays.com\/pt\/195104\/"},"modified":"2025-12-19T18:47:09","modified_gmt":"2025-12-19T18:47:09","slug":"radio-observador-passa-pela-primeira-vez-a-tsf-em-share-observador","status":"publish","type":"post","link":"https:\/\/www.europesays.com\/pt\/195104\/","title":{"rendered":"R\u00e1dio Observador passa pela primeira vez a TSF em share \u2013 Observador"},"content":{"rendered":"<p>Novos marcos hist\u00f3ricos para a R\u00e1dio Observador: a audi\u00eancia acumulada de v\u00e9spera passou de 2,3 para 2,5 nos \u00faltimos quatro meses, segundo o bareme da Marktest, divulgado esta sexta-feira. Corresponde a cerca de 211 mil ouvintes di\u00e1rios. \u00c9 novo recorde de audi\u00eancias da R\u00e1dio Observador, desde que o projeto foi lan\u00e7ado em junho de 2019.<\/p>\n<p>Mas h\u00e1 mais: pela primeira vez a R\u00e1dio Observador ultrapassa a TSF (r\u00e1dio de informa\u00e7\u00e3o com mais de 36 anos) a n\u00edvel nacional em share, definido pelo tempo de escuta: subimos de 2,4% para 2,9%, enquanto a TSF se fica pelos 2,7%.<\/p>\n<p>Por regi\u00f5es, atingimos novos m\u00e1ximos na Grande Lisboa, com 4,7 de audi\u00eancia acumulada de v\u00e9spera, e somos a quinta r\u00e1dio mais ouvida, a seguir \u00e0s de entretenimento (Comercial, RFM, M80) e Renascen\u00e7a. Tamb\u00e9m no Interior norte, que abrange os distritos de Viseu, Guarda, Bragan\u00e7a e Vila Real, atingimos novo recorde, com 2,2. No Grande Porto subimos de 2,2 para 3,2. A seguir, as regi\u00f5es em que somos ouvidos s\u00e3o, por esta ordem, litoral centro, litoral norte e sul.<\/p>\n<p>Na escuta pela Internet a 30 dias tamb\u00e9m subimos, de 2,6 para 2,7. Em linha ali\u00e1s com o ranking podscope, que mede a escuta de podcasts, e onde o Observador tem disputado mensalmente a lideran\u00e7a do mercado nacional: em novembro tivemos 2,6 milh\u00f5es de downloads, 282 mil ouvintes semanais e sete podcasts no top dos 20 mais ouvidos.<\/p>\n<p>Nada disto seria poss\u00edvel sem os ouvintes mais curiosos, atentos e especiais do mundo. Se est\u00e1 a ler isto e nos ouve regularmente, seja em fm, no site ou em podcast, tamb\u00e9m est\u00e1 de parab\u00e9ns.<\/p>\n","protected":false},"excerpt":{"rendered":"Novos marcos hist\u00f3ricos para a R\u00e1dio Observador: a audi\u00eancia acumulada de v\u00e9spera passou de 2,3 para 2,5 nos&hellip;\n","protected":false},"author":2,"featured_media":195105,"comment_status":"","ping_status":"","sticky":false,"template":"","format":"standard","meta":{"footnotes":""},"categories":[141],"tags":[114,115,149,150,861,32,33,18536],"class_list":{"0":"post-195104","1":"post","2":"type-post","3":"status-publish","4":"format-standard","5":"has-post-thumbnail","7":"category-musica","8":"tag-entertainment","9":"tag-entretenimento","10":"tag-music","11":"tag-musica","12":"tag-observador","13":"tag-portugal","14":"tag-pt","15":"tag-ru00e1dio-observador"},"share_on_mastodon":{"url":"https:\/\/pubeurope.com\/@pt\/115747726896683630","error":""},"_links":{"self":[{"href":"https:\/\/www.europesays.com\/pt\/wp-json\/wp\/v2\/posts\/195104","targetHints":{"allow":["GET"]}}],"collection":[{"href":"https:\/\/www.europesays.com\/pt\/wp-json\/wp\/v2\/posts"}],"about":[{"href":"https:\/\/www.europesays.com\/pt\/wp-json\/wp\/v2\/types\/post"}],"author":[{"embeddable":true,"href":"https:\/\/www.europesays.com\/pt\/wp-json\/wp\/v2\/users\/2"}],"replies":[{"embeddable":true,"href":"https:\/\/www.europesays.com\/pt\/wp-json\/wp\/v2\/comments?post=195104"}],"version-history":[{"count":0,"href":"https:\/\/www.europesays.com\/pt\/wp-json\/wp\/v2\/posts\/195104\/revisions"}],"wp:featuredmedia":[{"embeddable":true,"href":"https:\/\/www.europesays.com\/pt\/wp-json\/wp\/v2\/media\/195105"}],"wp:attachment":[{"href":"https:\/\/www.europesays.com\/pt\/wp-json\/wp\/v2\/media?parent=195104"}],"wp:term":[{"taxonomy":"category","embeddable":true,"href":"https:\/\/www.europesays.com\/pt\/wp-json\/wp\/v2\/categories?post=195104"},{"taxonomy":"post_tag","embeddable":true,"href":"https:\/\/www.europesays.com\/pt\/wp-json\/wp\/v2\/tags?post=195104"}],"curies":[{"name":"wp","href":"https:\/\/api.w.org\/{rel}","templated":true}]}}