{"id":195116,"date":"2025-12-19T18:55:08","date_gmt":"2025-12-19T18:55:08","guid":{"rendered":"https:\/\/www.europesays.com\/pt\/195116\/"},"modified":"2025-12-19T18:55:08","modified_gmt":"2025-12-19T18:55:08","slug":"santos-pereira-o-banco-de-horas-e-importantissimo-para-aumentar-a-competitividade-legislacao-laboral","status":"publish","type":"post","link":"https:\/\/www.europesays.com\/pt\/195116\/","title":{"rendered":"Santos Pereira: o banco de horas \u00e9 \u201cimportant\u00edssimo para aumentar a competitividade\u201d | Legisla\u00e7\u00e3o laboral"},"content":{"rendered":"<p dir=\"ltr\">Na sua estreia em confer\u00eancias de imprensa como Banco de Portugal (BdP), o novo governador n\u00e3o hesitou em prenunciar-se por um dos temas no centro do debate pol\u00edtico, defendendo uma das principais medidas inclu\u00eddas na proposta de altera\u00e7\u00e3o da lei laboral feitas pelo Governo.<\/p>\n<p dir=\"ltr\">Em resposta a uma pergunta sobre o pacote laboral, \u00c1lvaro Santos Pereira aceitou falar sobre uma das medidas, a do banco de horas individual, justificando a sua disponibilidade para comentar com o facto de esta ter sido uma medida introduzida inicialmente por si, em 2012, quando era ministro da Economia do Governo liderado por Pedro Passos Coelho.<\/p>\n<p dir=\"ltr\">O governador, que apresentou esta sexta-feira <a href=\"https:\/\/www.publico.pt\/2025\/12\/19\/economia\/noticia\/banco-portugal-continua-prever-defice-2026-moderado-2158694?ref=hp&amp;cx=bloco_1_destaque_3\" target=\"_blank\" rel=\"nofollow noopener\">as novas previs\u00f5es econ\u00f3micas do Bd<\/a><a href=\"http:\/\/www.publico.pt\/2025\/12\/19\/economia\/noticia\/banco-portugal-continua-prever-defice-2026-moderado-2158694?ref=hp&amp;cx=bloco_1_destaque_3\" rel=\"nofollow noopener\" target=\"_blank\">P<\/a>, disse-se, em primeiro lugar, defensor de um modelo de flexisseguran\u00e7a, em que se d\u00e1 mais flexibilidade \u00e0s empresas para gerir os seus recursos humanos e, em contrapartida, os trabalhadores t\u00eam mais apoios em caso de desemprego. \u201c\u00c0s vezes diz-se que esse modelo \u00e9 neoliberal, mas isso significa que a Su\u00e9cia e a Dinamarca s\u00e3o neoliberais?\u201d, afirmou, antes de come\u00e7ar a defender especificamente a recupera\u00e7\u00e3o do banco de horas individual pretendida pelo Governo.<\/p>\n<p dir=\"ltr\">\u201cO banco de horas individual \u00e9 precisamente para que as empresas e os trabalhadores se possam adaptar nos per\u00edodos de grande procura. \u00c9 um mecanismo para aumentar a flexibilidade laboral e este \u00e9 o tipo de medidas que s\u00e3o important\u00edssimas para aumentar a competitividade da economia portuguesa. Espero que este tipo de medidas sejam aprovadas\u201d, afirmou \u00c1lvaro Santos Pereira.<\/p>\n<p dir=\"ltr\">Na sua proposta de altera\u00e7\u00e3o da legisla\u00e7\u00e3o laboral, que foi a causa por tr\u00e1s da greve geral realizada na semana passada pela CGTP e a UGT, o Governo <a href=\"https:\/\/www.publico.pt\/2025\/11\/19\/economia\/noticia\/governo-cede-ferias-trabalho-flexivel-mantem-maioria-propostas-2155276\" target=\"_blank\" rel=\"nofollow noopener\">retoma o banco de horas individual<\/a>, que tinha sido criado no per\u00edodo da troika e posteriormente eliminado em 2019.<\/p>\n<p dir=\"ltr\">Na proposta, este mecanismo permite, por negocia\u00e7\u00e3o directa com o trabalhador, que o per\u00edodo normal de trabalho seja aumentado em duas horas di\u00e1rias, tendo como limite 150 horas anuais que s\u00e3o pagas em dinheiro ou tempo, mas sem os acr\u00e9scimos previstos para o trabalho extraordin\u00e1rio.<\/p>\n<p>\u201cH\u00e1 imigra\u00e7\u00e3o e imigra\u00e7\u00e3o\u201d<\/p>\n<p dir=\"ltr\">Al\u00e9m do pacote laboral, outro tema em que o governador assumiu uma posi\u00e7\u00e3o \u00e9 o da imigra\u00e7\u00e3o. \u00c1lvaro Santos Pereira, na apresenta\u00e7\u00e3o de um boletim econ\u00f3mico em que se d\u00e1 conta que a <a href=\"https:\/\/www.publico.pt\/2025\/12\/12\/economia\/noticia\/entrada-trabalhadores-estrangeiros-caiu-40-segunda-metade-2024-2157871\" rel=\"nofollow noopener\" target=\"_blank\">entrada de trabalhadores estrangeiros caiu 40% na segunda metade de 2024<\/a>, reconheceu que uma redu\u00e7\u00e3o dos fluxos migrat\u00f3rios tem um efeito negativo no emprego e no PIB. No entanto, disse, \u201ch\u00e1 imigra\u00e7\u00e3o e imigra\u00e7\u00e3o\u201d. \u201cVivi durante muitos anos em pa\u00edses com muita imigra\u00e7\u00e3o e em que se fazia uma an\u00e1lise de quais as qualifica\u00e7\u00f5es que eram necess\u00e1rias na economia\u201d, afirmou, defendendo que isso seja feito igualmente em Portugal.<\/p>\n<p dir=\"ltr\">\u201cSou completamente a favor de termos uma pol\u00edtica de imigra\u00e7\u00e3o bastante activa, os fluxos migrat\u00f3rios v\u00e3o ser muito importantes. Mas \u00e9 preciso vermos quais s\u00e3o as nossas necessidades de m\u00e3o-de-obra\u201d, defendeu o governador.<\/p>\n","protected":false},"excerpt":{"rendered":"Na sua estreia em confer\u00eancias de imprensa como Banco de Portugal (BdP), o novo governador n\u00e3o hesitou em&hellip;\n","protected":false},"author":2,"featured_media":195117,"comment_status":"","ping_status":"","sticky":false,"template":"","format":"standard","meta":{"footnotes":""},"categories":[10],"tags":[740,474,27,28,476,15,16,14,25,26,848,21,22,12,13,19,20,32,23,24,33,17,18,849,29,30,31],"class_list":{"0":"post-195116","1":"post","2":"type-post","3":"status-publish","4":"format-standard","5":"has-post-thumbnail","7":"category-portugal","8":"tag-alvaro-santos-pereira","9":"tag-banco-de-portugal","10":"tag-breaking-news","11":"tag-breakingnews","12":"tag-economia","13":"tag-featured-news","14":"tag-featurednews","15":"tag-headlines","16":"tag-latest-news","17":"tag-latestnews","18":"tag-legislacao-laboral","19":"tag-main-news","20":"tag-mainnews","21":"tag-news","22":"tag-noticias","23":"tag-noticias-principais","24":"tag-noticiasprincipais","25":"tag-portugal","26":"tag-principais-noticias","27":"tag-principaisnoticias","28":"tag-pt","29":"tag-top-stories","30":"tag-topstories","31":"tag-trabalho","32":"tag-ultimas","33":"tag-ultimas-noticias","34":"tag-ultimasnoticias"},"share_on_mastodon":{"url":"https:\/\/pubeurope.com\/@pt\/115747758080269137","error":""},"_links":{"self":[{"href":"https:\/\/www.europesays.com\/pt\/wp-json\/wp\/v2\/posts\/195116","targetHints":{"allow":["GET"]}}],"collection":[{"href":"https:\/\/www.europesays.com\/pt\/wp-json\/wp\/v2\/posts"}],"about":[{"href":"https:\/\/www.europesays.com\/pt\/wp-json\/wp\/v2\/types\/post"}],"author":[{"embeddable":true,"href":"https:\/\/www.europesays.com\/pt\/wp-json\/wp\/v2\/users\/2"}],"replies":[{"embeddable":true,"href":"https:\/\/www.europesays.com\/pt\/wp-json\/wp\/v2\/comments?post=195116"}],"version-history":[{"count":0,"href":"https:\/\/www.europesays.com\/pt\/wp-json\/wp\/v2\/posts\/195116\/revisions"}],"wp:featuredmedia":[{"embeddable":true,"href":"https:\/\/www.europesays.com\/pt\/wp-json\/wp\/v2\/media\/195117"}],"wp:attachment":[{"href":"https:\/\/www.europesays.com\/pt\/wp-json\/wp\/v2\/media?parent=195116"}],"wp:term":[{"taxonomy":"category","embeddable":true,"href":"https:\/\/www.europesays.com\/pt\/wp-json\/wp\/v2\/categories?post=195116"},{"taxonomy":"post_tag","embeddable":true,"href":"https:\/\/www.europesays.com\/pt\/wp-json\/wp\/v2\/tags?post=195116"}],"curies":[{"name":"wp","href":"https:\/\/api.w.org\/{rel}","templated":true}]}}