{"id":195130,"date":"2025-12-19T19:06:14","date_gmt":"2025-12-19T19:06:14","guid":{"rendered":"https:\/\/www.europesays.com\/pt\/195130\/"},"modified":"2025-12-19T19:06:14","modified_gmt":"2025-12-19T19:06:14","slug":"sera-este-o-design-do-iphone-fold-primeiro-dobravel-da-apple-pode-so-chegar-em-2027-equipamentos","status":"publish","type":"post","link":"https:\/\/www.europesays.com\/pt\/195130\/","title":{"rendered":"Ser\u00e1 este o design do iPhone Fold? Primeiro dobr\u00e1vel da Apple pode s\u00f3 chegar em 2027 &#8211; Equipamentos"},"content":{"rendered":"<p>O &#8220;segredo&#8221; mais mal guardado da Apple dos \u00faltimos anos, o seu primeiro dispositivo dobr\u00e1vel, <strong>come\u00e7a finalmente a ganhar contornos reais atrav\u00e9s de recentes fugas de informa\u00e7\u00e3o baseadas em desenhos t\u00e9cnicos (CAD) destinados a fabricantes de acess\u00f3rios.<\/strong><\/p>\n<p><b data-stringify-type=\"bold\">N\u00e3o perca nenhuma not\u00edcia importante da atualidade de tecnologia e\u00a0<\/b><b data-stringify-type=\"bold\"><a class=\"c-link\" href=\"https:\/\/tek.sapo.pt\/\" target=\"_blank\" rel=\"noopener noreferrer nofollow\" data-stringify-link=\"https:\/\/tek.sapo.pt\/\" data-sk=\"tooltip_parent\">acompanhe tudo em tek.sapo.pt<\/a><\/b><\/p>\n<p>Conhecido internamente por \u201cV68\u201d, <a href=\"https:\/\/tek.sapo.pt\/mobile\/equipamentos\/artigos\/primeiro-iphone-dobravel-vai-ser-caro-e-o-ecra-supera-um-dos-maiores-desafios-tecnicos\" target=\"_blank\" rel=\"noopener noreferrer nofollow\">o futuro iPhone dobr\u00e1vel<\/a> apresenta dimens\u00f5es que rompem com a est\u00e9tica dos atuais modelos da marca, privilegiando um formato mais largo e baixo quando fechado. <strong>De acordo com as m\u00e9tricas reveladas, o dispositivo ter\u00e1 aproximadamente 83,8 mm de largura e 120,6 mm de altura, o que lhe confere uma apar\u00eancia quase quadrada quando dobrado.<\/strong><\/p>\n<p>Esta escolha de design sugere que a Apple pretende que o ecr\u00e3 interno, ao ser aberto, <strong>assuma imediatamente uma orienta\u00e7\u00e3o panor\u00e2mica (horizontal), facilitando a compatibilidade direta com as aplica\u00e7\u00f5es desenvolvidas para o iPad<\/strong> sem necessidade de grandes adapta\u00e7\u00f5es por parte dos programadores.<\/p>\n<p><strong>No interior deste novo &#8220;phablet&#8221;, encontraremos um ecr\u00e3 flex\u00edvel de 7,76 polegadas, apenas ligeiramente menor que o ecr\u00e3 de um iPad mini atual, com uma resolu\u00e7\u00e3o de 2713&#215;1920 pix\u00e9is.<\/strong> No que toca \u00e0 espessura, a Apple parece determinada a estabelecer novos recordes de eleg\u00e2ncia, com o dispositivo a medir apenas 4,8 mm quando totalmente aberto, um valor inferior ao do novo iPhone Air.<\/p>\n<p>Clique nas imagens para ver com mais detalhe                      <\/p>\n<p><strong>Para alcan\u00e7ar esta espessura m\u00ednima sem comprometer a resist\u00eancia, a marca de Cupertino ter\u00e1 optado por colocar um sensor Touch ID no bot\u00e3o lateral, abdicando do hardware mais volumoso do Face ID.<\/strong> O design traseiro dever\u00e1 seguir a nova linha est\u00e9tica da marca para 2026, com um m\u00f3dulo de c\u00e2maras duplas alojado numa barra ovalada, enquanto a c\u00e2mara frontal interna ficar\u00e1 escondida sob o ecr\u00e3, eliminando quaisquer recortes vis\u00edveis.<\/p>\n<p>  <a href=\"https:\/\/mb.web.sapo.io\/01cc76d946ad308fcd594046f34081c55f14a7b4.jpg\" title=\"iPhone Fold Render\" data-ps-trigger=\"\" data-index=\"1\" data-ps-single-photo=\"true\" target=\"_blank\" rel=\"nofollow noopener\">  iPhone Fold Render<\/p>\n<p>Renderiza\u00e7\u00e3o do futuro iPhone dobr\u00e1vel, tendo em conta as medidas indicadas nos desenhos CAD.<\/p>\n<p>GSMArena.com<\/p>\n<p>&#8221; data-title=&#8221;iPhone Fold Render &#8211; Ser\u00e1 este o design do iPhone Fold? Primeiro dobr\u00e1vel da Apple pode s\u00f3 chegar em 2027 &#8211; Tek Not\u00edcias&#8221;&gt;                <img decoding=\"async\" src=\"https:\/\/www.europesays.com\/pt\/wp-content\/uploads\/2025\/12\/5BoXr99QIUqsCJelrbBO27SNvpS1oxTEXfrDTolELY8uGaIk=.jpeg\" alt=\"iPhone Fold Render\" title=\"iPhone Fold Render\"\/>   <\/a>     iPhone Fold Render   Renderiza\u00e7\u00e3o do futuro iPhone dobr\u00e1vel, tendo em conta as medidas indicadas nos desenhos CAD.   GSMArena.com     <\/p>\n<p><strong>Contudo, nem todas as not\u00edcias s\u00e3o animadoras para os entusiastas da marca.<\/strong> V\u00e1rios analistas alertam que, apesar de o <a href=\"https:\/\/tek.sapo.pt\/mobile\/equipamentos\/artigos\/do-iphone-dobravel-a-edicao-dos-20-anos-apple-esta-a-preparar-7-novos-smartphones\" target=\"_blank\" rel=\"noopener noreferrer nofollow\">an\u00fancio oficial estar previsto para a segunda metade de 2026<\/a>, a chegada efetiva do produto \u00e0s m\u00e3os dos consumidores poder\u00e1 sofrer atrasos significativos. <strong>Como se n\u00e3o bastasse a <a href=\"https:\/\/tek.sapo.pt\/mobile\/equipamentos\/artigos\/smartphones-e-pcs-podem-ficar-ate-8-mais-caros-em-2026-telefones-baratos-mais-afetados\" target=\"_blank\" rel=\"noopener noreferrer nofollow\">atual situa\u00e7\u00e3o da crise de chips<\/a>, existe ainda a quest\u00e3o da produ\u00e7\u00e3o limitada da dobradi\u00e7a e do painel flex\u00edvel.<\/strong><\/p>\n<p><strong>Esta situa\u00e7\u00e3o implicar\u00e1 uma natural escassez de stock durante os primeiros meses, algo similar ao sentido durante o lan\u00e7amento hist\u00f3rico do iPhone X, onde a procura superou largamente a capacidade de oferta inicial<\/strong>. Como tal, s\u00f3 se prev\u00ea que as primeiras unidades acabem por chegar \u00e0s m\u00e3os dos potenciais compradores s\u00f3 durante 2027. Quanto ao pre\u00e7o, mant\u00e9m-se a anterior previs\u00e3o, em torno dos 2.500 euros.<\/p>\n<p>Assine a\u00a0<a class=\"c-link\" href=\"https:\/\/teknoticias.us15.list-manage.com\/subscribe?u=9a06a5af5e9150806abc02bae&amp;id=ef9b27090d\" target=\"_blank\" rel=\"noopener noreferrer nofollow\" data-stringify-link=\"https:\/\/teknoticias.us15.list-manage.com\/subscribe?u=9a06a5af5e9150806abc02bae&amp;id=ef9b27090d\" data-sk=\"tooltip_parent\">newsletter do TEK Not\u00edcias<\/a> e receba todos os dias as principais not\u00edcias de tecnologia na sua caixa de correio.<\/p>\n","protected":false},"excerpt":{"rendered":"O &#8220;segredo&#8221; mais mal guardado da Apple dos \u00faltimos anos, o seu primeiro dispositivo dobr\u00e1vel, come\u00e7a finalmente a&hellip;\n","protected":false},"author":2,"featured_media":195131,"comment_status":"","ping_status":"","sticky":false,"template":"","format":"standard","meta":{"footnotes":""},"categories":[84],"tags":[109,107,108,32,33,105,103,104,106,110],"class_list":{"0":"post-195130","1":"post","2":"type-post","3":"status-publish","4":"format-standard","5":"has-post-thumbnail","7":"category-ciencia-e-tecnologia","8":"tag-ciencia","9":"tag-ciencia-e-tecnologia","10":"tag-cienciaetecnologia","11":"tag-portugal","12":"tag-pt","13":"tag-science","14":"tag-science-and-technology","15":"tag-scienceandtechnology","16":"tag-technology","17":"tag-tecnologia"},"share_on_mastodon":{"url":"https:\/\/pubeurope.com\/@pt\/115747801494618844","error":""},"_links":{"self":[{"href":"https:\/\/www.europesays.com\/pt\/wp-json\/wp\/v2\/posts\/195130","targetHints":{"allow":["GET"]}}],"collection":[{"href":"https:\/\/www.europesays.com\/pt\/wp-json\/wp\/v2\/posts"}],"about":[{"href":"https:\/\/www.europesays.com\/pt\/wp-json\/wp\/v2\/types\/post"}],"author":[{"embeddable":true,"href":"https:\/\/www.europesays.com\/pt\/wp-json\/wp\/v2\/users\/2"}],"replies":[{"embeddable":true,"href":"https:\/\/www.europesays.com\/pt\/wp-json\/wp\/v2\/comments?post=195130"}],"version-history":[{"count":0,"href":"https:\/\/www.europesays.com\/pt\/wp-json\/wp\/v2\/posts\/195130\/revisions"}],"wp:featuredmedia":[{"embeddable":true,"href":"https:\/\/www.europesays.com\/pt\/wp-json\/wp\/v2\/media\/195131"}],"wp:attachment":[{"href":"https:\/\/www.europesays.com\/pt\/wp-json\/wp\/v2\/media?parent=195130"}],"wp:term":[{"taxonomy":"category","embeddable":true,"href":"https:\/\/www.europesays.com\/pt\/wp-json\/wp\/v2\/categories?post=195130"},{"taxonomy":"post_tag","embeddable":true,"href":"https:\/\/www.europesays.com\/pt\/wp-json\/wp\/v2\/tags?post=195130"}],"curies":[{"name":"wp","href":"https:\/\/api.w.org\/{rel}","templated":true}]}}