{"id":195140,"date":"2025-12-19T19:16:10","date_gmt":"2025-12-19T19:16:10","guid":{"rendered":"https:\/\/www.europesays.com\/pt\/195140\/"},"modified":"2025-12-19T19:16:10","modified_gmt":"2025-12-19T19:16:10","slug":"maul-shadow-lord-ganha-nova-descricao-oficial-leia","status":"publish","type":"post","link":"https:\/\/www.europesays.com\/pt\/195140\/","title":{"rendered":"Maul: Shadow Lord ganha nova descri\u00e7\u00e3o oficial; Leia"},"content":{"rendered":"<p class=\"wp-block-yoast-seo-estimated-reading-time yoast-reading-time__wrapper\">Estimated reading time: 2 minutos<\/p>\n<p>Listando os lan\u00e7amentos de <a href=\"https:\/\/ovicio.com.br\/tag\/Star-Wars\/\" target=\"_blank\" rel=\"noreferrer noopener nofollow\">Star Wars<\/a> previstos para 2026, a <a href=\"https:\/\/ovicio.com.br\/tag\/Lucasfilm\/\" target=\"_blank\" rel=\"noreferrer noopener nofollow\">Lucasfilm<\/a> divulgou uma nova descri\u00e7\u00e3o oficial de <a href=\"https:\/\/ovicio.com.br\/tag\/maul-shadow-lord\/\" rel=\"nofollow noopener\" target=\"_blank\">Maul: Shadow Lord<\/a>.<\/p>\n<p>O est\u00fadio refor\u00e7ou que a trama se passa entre\u00a0<a href=\"https:\/\/ovicio.com.br\/serie\/star-wars-a-guerra-dos-clones\" target=\"_blank\" rel=\"noreferrer noopener nofollow\">The Clone Wars<\/a>\u00a0e\u00a0<strong>Star Wars Rebels<\/strong>. Leia:<\/p>\n<p><strong>&#8220;O pr\u00f3ximo marco [da Lucasfilm Animation] ser\u00e1 em 2026, com a nova s\u00e9rie animada Star Wars: Maul &#8211; Shadow Lord, que marcar\u00e1 o retorno do sempre esquivo Maul. Anunciada na Star Wars Celebration do Jp\u00e3o, a s\u00e9rie explora a busca de Maul pelo poder no submundo sombrio e impiedoso ap\u00f3s o desfecho de The Clone Wars e a execuss\u00e3o da Ordem 66.<\/strong>&#8220;<\/p>\n<p><strong>Maul: Shadow Lord\u00a0<\/strong>estreia em algum momento de 2026 no\u00a0<a href=\"https:\/\/ovicio.com.br\/tag\/disneyplus\" target=\"_blank\" rel=\"noreferrer noopener nofollow\">Disney+<\/a>. Uma data exata deve ser divulgada em breve.<\/p>\n<p>Leia mais sobre Darth Maul:<\/p>\n<p><strong>Fonte:<\/strong> <a href=\"https:\/\/www.starwars.com\/news\/star-wars-best-of-2025\" target=\"_blank\" rel=\"noreferrer noopener nofollow\">Lucasfilm<\/a><\/p>\n","protected":false},"excerpt":{"rendered":"Estimated reading time: 2 minutos Listando os lan\u00e7amentos de Star Wars previstos para 2026, a Lucasfilm divulgou uma&hellip;\n","protected":false},"author":2,"featured_media":195141,"comment_status":"","ping_status":"","sticky":false,"template":"","format":"standard","meta":{"footnotes":""},"categories":[140],"tags":[39045,39046,7539,114,115,147,148,39047,146,32,33,5418,39048],"class_list":{"0":"post-195140","1":"post","2":"type-post","3":"status-publish","4":"format-standard","5":"has-post-thumbnail","7":"category-filmes","8":"tag-darth-maul","9":"tag-dave-filoni","10":"tag-disney-plus","11":"tag-entertainment","12":"tag-entretenimento","13":"tag-film","14":"tag-filmes","15":"tag-maul-shadow-lord","16":"tag-movies","17":"tag-portugal","18":"tag-pt","19":"tag-star-wars","20":"tag-star-wars-the-clone-wars"},"share_on_mastodon":{"url":"https:\/\/pubeurope.com\/@pt\/115747840546189216","error":""},"_links":{"self":[{"href":"https:\/\/www.europesays.com\/pt\/wp-json\/wp\/v2\/posts\/195140","targetHints":{"allow":["GET"]}}],"collection":[{"href":"https:\/\/www.europesays.com\/pt\/wp-json\/wp\/v2\/posts"}],"about":[{"href":"https:\/\/www.europesays.com\/pt\/wp-json\/wp\/v2\/types\/post"}],"author":[{"embeddable":true,"href":"https:\/\/www.europesays.com\/pt\/wp-json\/wp\/v2\/users\/2"}],"replies":[{"embeddable":true,"href":"https:\/\/www.europesays.com\/pt\/wp-json\/wp\/v2\/comments?post=195140"}],"version-history":[{"count":0,"href":"https:\/\/www.europesays.com\/pt\/wp-json\/wp\/v2\/posts\/195140\/revisions"}],"wp:featuredmedia":[{"embeddable":true,"href":"https:\/\/www.europesays.com\/pt\/wp-json\/wp\/v2\/media\/195141"}],"wp:attachment":[{"href":"https:\/\/www.europesays.com\/pt\/wp-json\/wp\/v2\/media?parent=195140"}],"wp:term":[{"taxonomy":"category","embeddable":true,"href":"https:\/\/www.europesays.com\/pt\/wp-json\/wp\/v2\/categories?post=195140"},{"taxonomy":"post_tag","embeddable":true,"href":"https:\/\/www.europesays.com\/pt\/wp-json\/wp\/v2\/tags?post=195140"}],"curies":[{"name":"wp","href":"https:\/\/api.w.org\/{rel}","templated":true}]}}